{"id":8563,"date":"2025-05-27T21:36:33","date_gmt":"2025-05-27T19:36:33","guid":{"rendered":"https:\/\/bernhard-fiedler.at\/weblog\/?p=8563"},"modified":"2025-05-27T21:36:33","modified_gmt":"2025-05-27T19:36:33","slug":"seltener-gast","status":"publish","type":"post","link":"https:\/\/bernhard-fiedler.at\/weblog\/?p=8563","title":{"rendered":"Seltener Gast"},"content":{"rendered":"\n<p>Das heurige Fr\u00fchjahr ist relativ feucht (wenn auch in Summe keine gro\u00dfen Regenmengen zusammenkommen) und k\u00fchl. Deshalb habe ich mir bislang keine gro\u00dfen Sorgen \u00fcber Infektionen von Pilzkrankheiten gemacht, denn einerseits erschweren die niedrigen Temperaturen dem falschen Mehltau (der Peronospora) die Entwicklung, andererseits sind die Reben wegen der K\u00e4lte noch immer relativ klein und dadurch weniger empfindlich.<\/p>\n\n\n\n<p>Peronospora konnte ich bei der Weingartenarbeit auch tats\u00e4chlich noch keine entdecken, allerdings bin ich in den letzten Tagen vereinzelt auf einen Gast gesto\u00dfen, mit dem wir (zum Gl\u00fcck) sehr selten zu tun haben. Als Sch\u00f6nheitsfehler ohne weitere Konsequenzen gibt es da und dort Bl\u00e4tter mit vertrockneten Segmenten, ein recht eindeutiger Hinweis auf den <a href=\"https:\/\/www.vitipendium.de\/Roter_Brenner\" target=\"_blank\" rel=\"noreferrer noopener\">Roten Brenner<\/a>. <\/p>\n\n\n\n<p>Der ist auch eine Pilzkrankeit, bei uns aber erfahrungsgem\u00e4\u00df kein nennenswertes Problem. Vielleicht weil ihm das Klima nicht passt, m\u00f6glicherweise weil er nicht so aggressiv, ganz sicher weil die Pflanzenschutzmittel gegen Peronospora auch gegen den Roten Brenner wirken.<\/p>\n\n\n\n<p>Unser Hauptaugenmerk liegt deshalb auch auf der Peronospora, die ist um diese Jahreszeit die gr\u00f6\u00dfte Gefahr f\u00fcr unsere Weinst\u00f6cke. Weil sie Wassertropfen (d.h. h\u00e4ufigen Regen) auf den Bl\u00e4ttern und Trauben f\u00fcr ihr Wachstum braucht, ist sie an und f\u00fcr sich  in unserem trockenen Klima nicht ganz so problematisch wie der echte Mehltau (Oidium), dem schon hohe Luftfeuchtigkeit (also z.B. schw\u00fcles Wetter) reicht.<\/p>\n\n\n\n<p>In Jahren mit viel Regen bei milden Temperaturen rund um die Bl\u00fctezeit wie zuletzt 2023 kann aber auch die Peronospora zu massiven Ernteeinbu\u00dfen f\u00fchren. Beim Schreiben <a href=\"https:\/\/bernhard-fiedler.at\/weblog\/?p=8243\">dieses Beitrages<\/a> hatte ich damals noch gehofft, unsere Pflanzenschutzbehandlung k\u00e4me rechtzeitig. Ein Irrtum, der uns am Ende eine der kleinsten Ernten der letzten Jahre beschert hat.<\/p>\n\n\n\n<p>Damit das heuer nicht passiert, haben wir heute die Pflanzenschutz-Saison begonnen. So sp\u00e4t wie m\u00f6glich, aber (hoffentlich) rechtzeitig vor der herannahenden Bl\u00fctezeit, in der die Reben und die jungen Trauben besonders empfindlich sind.<\/p>\n","protected":false},"excerpt":{"rendered":"<p>Das heurige Fr\u00fchjahr ist relativ feucht (wenn auch in Summe keine gro\u00dfen Regenmengen zusammenkommen) und k\u00fchl. Deshalb habe ich mir bislang keine gro\u00dfen Sorgen \u00fcber Infektionen von Pilzkrankheiten gemacht, denn einerseits erschweren die niedrigen Temperaturen dem falschen Mehltau (der Peronospora) die Entwicklung, andererseits sind die Reben wegen der K\u00e4lte noch immer relativ klein und dadurch &#8230; <a title=\"Seltener Gast\" class=\"read-more\" href=\"https:\/\/bernhard-fiedler.at\/weblog\/?p=8563\" aria-label=\"Mehr Informationen \u00fcber Seltener Gast\">Weiterlesen<\/a><\/p>\n","protected":false},"author":2,"featured_media":8564,"comment_status":"open","ping_status":"open","sticky":false,"template":"","format":"standard","meta":{"footnotes":""},"categories":[3],"tags":[],"class_list":["post-8563","post","type-post","status-publish","format-standard","has-post-thumbnail","hentry","category-im-weingarten"],"_links":{"self":[{"href":"https:\/\/bernhard-fiedler.at\/weblog\/index.php?rest_route=\/wp\/v2\/posts\/8563","targetHints":{"allow":["GET"]}}],"collection":[{"href":"https:\/\/bernhard-fiedler.at\/weblog\/index.php?rest_route=\/wp\/v2\/posts"}],"about":[{"href":"https:\/\/bernhard-fiedler.at\/weblog\/index.php?rest_route=\/wp\/v2\/types\/post"}],"author":[{"embeddable":true,"href":"https:\/\/bernhard-fiedler.at\/weblog\/index.php?rest_route=\/wp\/v2\/users\/2"}],"replies":[{"embeddable":true,"href":"https:\/\/bernhard-fiedler.at\/weblog\/index.php?rest_route=%2Fwp%2Fv2%2Fcomments&post=8563"}],"version-history":[{"count":7,"href":"https:\/\/bernhard-fiedler.at\/weblog\/index.php?rest_route=\/wp\/v2\/posts\/8563\/revisions"}],"predecessor-version":[{"id":8571,"href":"https:\/\/bernhard-fiedler.at\/weblog\/index.php?rest_route=\/wp\/v2\/posts\/8563\/revisions\/8571"}],"wp:featuredmedia":[{"embeddable":true,"href":"https:\/\/bernhard-fiedler.at\/weblog\/index.php?rest_route=\/wp\/v2\/media\/8564"}],"wp:attachment":[{"href":"https:\/\/bernhard-fiedler.at\/weblog\/index.php?rest_route=%2Fwp%2Fv2%2Fmedia&parent=8563"}],"wp:term":[{"taxonomy":"category","embeddable":true,"href":"https:\/\/bernhard-fiedler.at\/weblog\/index.php?rest_route=%2Fwp%2Fv2%2Fcategories&post=8563"},{"taxonomy":"post_tag","embeddable":true,"href":"https:\/\/bernhard-fiedler.at\/weblog\/index.php?rest_route=%2Fwp%2Fv2%2Ftags&post=8563"}],"curies":[{"name":"wp","href":"https:\/\/api.w.org\/{rel}","templated":true}]}}