{"id":8232,"date":"2023-05-22T11:42:54","date_gmt":"2023-05-22T09:42:54","guid":{"rendered":"https:\/\/bernhard-fiedler.at\/weblog\/?p=8232"},"modified":"2023-05-22T11:42:54","modified_gmt":"2023-05-22T09:42:54","slug":"zuviel-des-guten","status":"publish","type":"post","link":"https:\/\/bernhard-fiedler.at\/weblog\/?p=8232","title":{"rendered":"Zuviel des Guten?"},"content":{"rendered":"\n<p>Nach dem ergiebigen Regen Mitte April hatten wir vor gut einer Woche erneut in Summe rund 75 Liter Regen pro Quadratmeter. Zusammen mit den niedrigen Temperaturen f\u00fchrte das bis vor ein paar Tagen wohl bei den meisten zum Eindruck eines v\u00f6llig verregneten und viel zu kalten Fr\u00fchlings.<\/p>\n\n\n\n<p>Letzteres trifft allerdings nur regional in Ost\u00f6sterreich zu, im Durchschnitt f\u00fcr das ganze Land war die erste Maih\u00e4lfte 0,7\u00b0C w\u00e4rmer als das Mittel der Jahre von 1961 bis 1990. Und was den Regen betrifft, so nehmen wir um diese Jahreszeit sowieso alles, was wir kriegen k\u00f6nnen.<\/p>\n\n\n\n<p>Da es im Winter kaum Schnee gab, ist der Boden bis in tiefere Schichten trocken und aufnahmef\u00e4hig, und weil beide gro\u00dfen Regen langsam gefallen sind, ist das kostbare Nass auch gut versickert, statt oberfl\u00e4chlich abzuflie\u00dfen.<\/p>\n\n\n\n<p>Damit haben wir relativ gut gef\u00fcllte Reserven f\u00fcr die n\u00e4chsten Wochen, gerettet ist der Jahrgang aber nat\u00fcrlich noch lange nicht. Und dem Neusiedlersee fehlen auf den Rekordtiefstand vom Vorjahr noch 10cm, auf den langj\u00e4hrigen Mai-Durchschnitt sogar 45cm.<\/p>\n\n\n\n<div class=\"wp-block-group alignwide\"><div class=\"wp-block-group__inner-container is-layout-constrained wp-block-group-is-layout-constrained\"><blockquote class=\"twitter-tweet\">\n<p lang=\"de\" dir=\"ltr\">Update <a href=\"https:\/\/twitter.com\/hashtag\/NeusiedlerSee?src=hash&amp;ref_src=twsrc%5Etfw\">#NeusiedlerSee<\/a>: auch nach dem aktuellen Regen fehlen 10cm auf den bereits bedenklich niedrigen Wasserstand vom Vorjahr und rund 45cm auf &quot;normal&quot; (=Schnitt seit 1965) <a href=\"https:\/\/twitter.com\/hashtag\/FakenGegenPanoramaKameraBlicke?src=hash&amp;ref_src=twsrc%5Etfw\">#FakenGegenPanoramaKameraBlicke<\/a> \ud83d\ude09 <a href=\"https:\/\/t.co\/gBydciFz20\">pic.twitter.com\/gBydciFz20<\/a><\/p>\n<p>&mdash; Marcus Wadsak \ud83c\udf1e (@MarcusWadsak) <a href=\"https:\/\/twitter.com\/MarcusWadsak\/status\/1658708759567380480?ref_src=twsrc%5Etfw\">May 17, 2023<\/a><\/p><\/blockquote>\n<p> <script async src=\"https:\/\/platform.twitter.com\/widgets.js\" charset=\"utf-8\"><\/script> <\/p>\n\n\n\n<p><\/p>\n\n\n\n<p>Von einem &#8222;Zuviel des Guten&#8220; sind wir also noch weit entfernt und wir nehmen auch weiterhin jeden Regen gerne, selbst wenn er uns zur Bl\u00fctezeit im Juni oder durch feuchtigkeitsbedingt st\u00e4rker auftretende Pilzkrankheiten leichte Ertragseinbu\u00dfen kosten sollte. Ab Mitte August darf es dann aber gerne bis Mitte Oktober trocken bleiben&#8230;<\/p>\n<\/div><\/div>\n","protected":false},"excerpt":{"rendered":"<p>Nach dem ergiebigen Regen Mitte April hatten wir vor gut einer Woche erneut in Summe rund 75 Liter Regen pro Quadratmeter. Zusammen mit den niedrigen Temperaturen f\u00fchrte das bis vor ein paar Tagen wohl bei den meisten zum Eindruck eines v\u00f6llig verregneten und viel zu kalten Fr\u00fchlings. Letzteres trifft allerdings nur regional in Ost\u00f6sterreich zu, &#8230; <a title=\"Zuviel des Guten?\" class=\"read-more\" href=\"https:\/\/bernhard-fiedler.at\/weblog\/?p=8232\" aria-label=\"Mehr Informationen \u00fcber Zuviel des Guten?\">Weiterlesen<\/a><\/p>\n","protected":false},"author":2,"featured_media":609,"comment_status":"open","ping_status":"open","sticky":false,"template":"","format":"standard","meta":{"footnotes":""},"categories":[8],"tags":[],"class_list":["post-8232","post","type-post","status-publish","format-standard","has-post-thumbnail","hentry","category-das-wetter"],"_links":{"self":[{"href":"https:\/\/bernhard-fiedler.at\/weblog\/index.php?rest_route=\/wp\/v2\/posts\/8232","targetHints":{"allow":["GET"]}}],"collection":[{"href":"https:\/\/bernhard-fiedler.at\/weblog\/index.php?rest_route=\/wp\/v2\/posts"}],"about":[{"href":"https:\/\/bernhard-fiedler.at\/weblog\/index.php?rest_route=\/wp\/v2\/types\/post"}],"author":[{"embeddable":true,"href":"https:\/\/bernhard-fiedler.at\/weblog\/index.php?rest_route=\/wp\/v2\/users\/2"}],"replies":[{"embeddable":true,"href":"https:\/\/bernhard-fiedler.at\/weblog\/index.php?rest_route=%2Fwp%2Fv2%2Fcomments&post=8232"}],"version-history":[{"count":7,"href":"https:\/\/bernhard-fiedler.at\/weblog\/index.php?rest_route=\/wp\/v2\/posts\/8232\/revisions"}],"predecessor-version":[{"id":8240,"href":"https:\/\/bernhard-fiedler.at\/weblog\/index.php?rest_route=\/wp\/v2\/posts\/8232\/revisions\/8240"}],"wp:featuredmedia":[{"embeddable":true,"href":"https:\/\/bernhard-fiedler.at\/weblog\/index.php?rest_route=\/wp\/v2\/media\/609"}],"wp:attachment":[{"href":"https:\/\/bernhard-fiedler.at\/weblog\/index.php?rest_route=%2Fwp%2Fv2%2Fmedia&parent=8232"}],"wp:term":[{"taxonomy":"category","embeddable":true,"href":"https:\/\/bernhard-fiedler.at\/weblog\/index.php?rest_route=%2Fwp%2Fv2%2Fcategories&post=8232"},{"taxonomy":"post_tag","embeddable":true,"href":"https:\/\/bernhard-fiedler.at\/weblog\/index.php?rest_route=%2Fwp%2Fv2%2Ftags&post=8232"}],"curies":[{"name":"wp","href":"https:\/\/api.w.org\/{rel}","templated":true}]}}