{"id":8214,"date":"2023-04-14T08:17:24","date_gmt":"2023-04-14T06:17:24","guid":{"rendered":"https:\/\/bernhard-fiedler.at\/weblog\/?p=8214"},"modified":"2023-04-14T08:17:24","modified_gmt":"2023-04-14T06:17:24","slug":"erneut-dritter-beim-wein-burgenland-award","status":"publish","type":"post","link":"https:\/\/bernhard-fiedler.at\/weblog\/?p=8214","title":{"rendered":"Erneut Dritter beim Wein Burgenland Award"},"content":{"rendered":"\n<p>Eine der St\u00e4rken des Burgenlandes ist die Vielfalt an Weinstilen die hier gedeiht. Es ist ein seltenes Geschenk der Natur, dass bei uns in M\u00f6rbisch Wei\u00df-, Rot- und S\u00fc\u00dfweine in Spitzenqualit\u00e4t entstehen k\u00f6nnen. Und eine Ehre und Verpflichtung f\u00fcr uns Weinbauern, dieses Potential auch zur Geltung kommen zu lassen.<\/p>\n\n\n\n<p>Dar\u00fcber hinaus macht es einfach Spa\u00df, als Kellermeister sowohl Wei\u00dfweine als auch Rote und edels\u00fc\u00dfe Tropfen pflegen zu d\u00fcrfen. Erh\u00e4lt man dann auch noch tolle Bewertungen f\u00fcr verschiedene Weinarten ist das nat\u00fcrlich eine besonders sch\u00f6ne Best\u00e4tigung der Vielseitigkeit des eigenen Schaffens.<\/p>\n\n\n\n<p>Demensprechend gro\u00df war die Freude \u00fcber den gestern verk\u00fcndeten 3. Platz unseres <a href=\"https:\/\/www.grenzhof-fiedler.at\/produkt\/ried-wieser\/\" target=\"_blank\" rel=\"noreferrer noopener\">Pinot blanc 2021 von der Riede Wieser<\/a> beim Wein Burgenland Award 2023 mit 94,5 Punkten. Der zeigt n\u00e4mlich nach dem <a href=\"https:\/\/bernhard-fiedler.at\/weblog\/?p=7946\">3. Platz mit dem Blaufr\u00e4nkisch 2019 vom Goldberg im Vorjahr<\/a>, dass wir wei\u00df und rot in der Oberliga mitspielen. Vielleicht ist dann n\u00e4chstes Jahr unsere noch im Fass reifende <a href=\"https:\/\/bernhard-fiedler.at\/weblog\/?p=8086\">Traminer Beerenauslese 2022<\/a> auf dem Siegertreppchen, dann w\u00e4re die Serie komplett&#8230;<\/p>\n\n\n\n<p>Der Wein Burgenland Award, durchgef\u00fchrt von der <a href=\"https:\/\/www.weinburgenland.at\/\" target=\"_blank\" rel=\"noreferrer noopener\">burgenl\u00e4ndischen Weinwerbung<\/a>, ist eine Erg\u00e4nzung der Weinpr\u00e4mierung der Landwirtschaftskammer und bewertet vor allem Rieden- und DAC-Weine. Im Unterschied zur Weinpr\u00e4mierung reichen dort deshalb auch die renommiertesten Betriebe des Burgenlandes ihre Weine ein. Umso gr\u00f6\u00dfer ist die Ehre eines Platzes auf dem Siegespodest in der prestigetr\u00e4chtigsten Wei\u00dfweinkategorie.<\/p>\n\n\n\n<p>Herzlichen Dank f\u00fcr das spontane Vor-Ort-Foto an <a href=\"https:\/\/www.gsc-werbung.at\/\" target=\"_blank\" rel=\"noreferrer noopener\">Gerlinde Schmid<\/a>!<\/p>\n","protected":false},"excerpt":{"rendered":"<p>Eine der St\u00e4rken des Burgenlandes ist die Vielfalt an Weinstilen die hier gedeiht. Es ist ein seltenes Geschenk der Natur, dass bei uns in M\u00f6rbisch Wei\u00df-, Rot- und S\u00fc\u00dfweine in Spitzenqualit\u00e4t entstehen k\u00f6nnen. Und eine Ehre und Verpflichtung f\u00fcr uns Weinbauern, dieses Potential auch zur Geltung kommen zu lassen. Dar\u00fcber hinaus macht es einfach Spa\u00df, &#8230; <a title=\"Erneut Dritter beim Wein Burgenland Award\" class=\"read-more\" href=\"https:\/\/bernhard-fiedler.at\/weblog\/?p=8214\" aria-label=\"Mehr Informationen \u00fcber Erneut Dritter beim Wein Burgenland Award\">Weiterlesen<\/a><\/p>\n","protected":false},"author":2,"featured_media":8215,"comment_status":"open","ping_status":"open","sticky":false,"template":"","format":"standard","meta":{"footnotes":""},"categories":[5],"tags":[],"class_list":["post-8214","post","type-post","status-publish","format-standard","has-post-thumbnail","hentry","category-in-den-weinmedien"],"_links":{"self":[{"href":"https:\/\/bernhard-fiedler.at\/weblog\/index.php?rest_route=\/wp\/v2\/posts\/8214","targetHints":{"allow":["GET"]}}],"collection":[{"href":"https:\/\/bernhard-fiedler.at\/weblog\/index.php?rest_route=\/wp\/v2\/posts"}],"about":[{"href":"https:\/\/bernhard-fiedler.at\/weblog\/index.php?rest_route=\/wp\/v2\/types\/post"}],"author":[{"embeddable":true,"href":"https:\/\/bernhard-fiedler.at\/weblog\/index.php?rest_route=\/wp\/v2\/users\/2"}],"replies":[{"embeddable":true,"href":"https:\/\/bernhard-fiedler.at\/weblog\/index.php?rest_route=%2Fwp%2Fv2%2Fcomments&post=8214"}],"version-history":[{"count":4,"href":"https:\/\/bernhard-fiedler.at\/weblog\/index.php?rest_route=\/wp\/v2\/posts\/8214\/revisions"}],"predecessor-version":[{"id":8219,"href":"https:\/\/bernhard-fiedler.at\/weblog\/index.php?rest_route=\/wp\/v2\/posts\/8214\/revisions\/8219"}],"wp:featuredmedia":[{"embeddable":true,"href":"https:\/\/bernhard-fiedler.at\/weblog\/index.php?rest_route=\/wp\/v2\/media\/8215"}],"wp:attachment":[{"href":"https:\/\/bernhard-fiedler.at\/weblog\/index.php?rest_route=%2Fwp%2Fv2%2Fmedia&parent=8214"}],"wp:term":[{"taxonomy":"category","embeddable":true,"href":"https:\/\/bernhard-fiedler.at\/weblog\/index.php?rest_route=%2Fwp%2Fv2%2Fcategories&post=8214"},{"taxonomy":"post_tag","embeddable":true,"href":"https:\/\/bernhard-fiedler.at\/weblog\/index.php?rest_route=%2Fwp%2Fv2%2Ftags&post=8214"}],"curies":[{"name":"wp","href":"https:\/\/api.w.org\/{rel}","templated":true}]}}