{"id":818,"date":"2008-12-28T22:14:29","date_gmt":"2008-12-28T21:14:29","guid":{"rendered":"http:\/\/www.bernhard-fiedler.at\/weblog\/?p=818"},"modified":"2008-12-29T10:22:42","modified_gmt":"2008-12-29T09:22:42","slug":"mein-blog-jahr-2008","status":"publish","type":"post","link":"https:\/\/bernhard-fiedler.at\/weblog\/?p=818","title":{"rendered":"Mein Blog-Jahr 2008"},"content":{"rendered":"<p>Ab Mitte Dezember wimmelt es in allen Arten von Medien nur so von Jahresr\u00fcckblicken. Und weil mir gerade die Inspiration f\u00fcr neue Beitr\u00e4ge fehlt (und ich auch ein wenig hoffe, sie vielleicht beim Durchsehen meiner Bloggerei des ganzen Jahres wiederzufinden), gibt es heuer auch bei mir etwas in der Art:<\/p>\n<p>Insgesamt habe ich 2008 rund 165 Beitr\u00e4ge verfa\u00dft, im Durchschnitt also etwa alle 2,2 Tage einen. Irgendwie mu\u00df man wohl schon einen mehr oder minder kleinen Vogel haben, wenn man sich das &#8222;antut&#8220;.<\/p>\n<p>\u00dcberhaupt, wenn die Mehrzahl der Beitr\u00e4ge relativ lang und selbst erdacht und formuliert ist, und sich die Jetzt-sollte-ich-mal-schnell-wieder-irgendwas-schreiben-weil-ich-schon-ein-paar-Tage-nichts-geschrieben-habe-Beitr\u00e4ge sehr in Grenzen halten (behaupte ich mal).<\/p>\n<p><!--more--><\/p>\n<p>Der <a href=\"https:\/\/bernhard-fiedler.at\/weblog\/?p=421\">erste Beitrag des Jahres<\/a> im <strong><a href=\"https:\/\/bernhard-fiedler.at\/weblog\/?m=200801\">J\u00e4nner<\/a><\/strong> war auf jeden Fall kein solcher, sondern der Start der <a href=\"https:\/\/bernhard-fiedler.at\/weblog\/?cat=20\">Serie &#8222;Der gl\u00e4serne Wein&#8220;<\/a> \u00fcber die von mir verwendeten Weinzusatzstoffe und Behandlungsmittel. Anfangs in k\u00fcrzeren, sp\u00e4ter in l\u00e4ngeren Intervallen habe ich es immerhin schon auf zehn Folgen gebracht. Fortsetzung folgt&#8230;<\/p>\n<p>Auch die <a href=\"https:\/\/bernhard-fiedler.at\/weblog\/?cat=18\">Weinrallye-Etappen<\/a> zogen sich \u00fcbers ganze Jahr hin, nicht immer aber doch einige Male mit meiner aktiven Beteiligung. F\u00fcr meinen <a href=\"https:\/\/bernhard-fiedler.at\/weblog\/?p=424\">J\u00e4nner-Beitrag<\/a> habe ich tats\u00e4chlich einen Selbstversuch mit Tetrapack-Tafelwein durchgef\u00fchrt. Brrrrrr!<\/p>\n<p>Im <strong><a href=\"https:\/\/bernhard-fiedler.at\/weblog\/?m=200802\">Februar<\/a><\/strong> gab es leider <a href=\"https:\/\/bernhard-fiedler.at\/weblog\/?p=459\">Troubles mit meinem Provider<\/a>, davon abgesehen aber auch <a href=\"https:\/\/bernhard-fiedler.at\/weblog\/?p=451\">eine Fotostrecke \u00fcber die einf\u00e4ltigen Marketingmethoden der Pflanzenschutzmittel- und Saatgutbranche<\/a> und als <a href=\"https:\/\/bernhard-fiedler.at\/weblog\/?p=455\">Highlight<\/a> ein <a href=\"http:\/\/www.genussblogs.net\/im-interview-bernhard-fiedler-bernhard-fiedlers-weinblog.html\">Interview<\/a>, das <a href=\"http:\/\/www.winzerblog.de\">Winzerblogger Thomas Lippert<\/a> f\u00fcr <a href=\"http:\/\/www.genussblogs.net\/\">Genussblogs.net<\/a> mit mir gef\u00fchrt hat.<\/p>\n<p>Auch im <strong><a href=\"https:\/\/bernhard-fiedler.at\/weblog\/?m=200803\">M\u00e4rz<\/a><\/strong> kam ich wieder <a href=\"https:\/\/bernhard-fiedler.at\/weblog\/?p=479\">zu Ehren<\/a> und wurde eingeladen als Gast einen Monat lang Beitr\u00e4ge f\u00fcr den <a href=\"http:\/\/blog.austria.info\/\">Blog der \u00d6sterreich-Werbung<\/a> zu verfassen. Immerhin f\u00fcnf sind es geworden, trotz der zunehmenden Arbeit im Weingarten und meiner <a href=\"https:\/\/bernhard-fiedler.at\/weblog\/?p=530\">Reise zur Prowein in D\u00fcsseldorf<\/a>.<\/p>\n<p>Wie im Weingarten so habe ich auch im Blog im <strong><a href=\"https:\/\/bernhard-fiedler.at\/weblog\/?m=200804\">April<\/a><\/strong> den Rebschnitt abgeschlossen, hier in Form einer <a href=\"https:\/\/bernhard-fiedler.at\/weblog\/?p=461\">Serie, die schon im Februar begann<\/a>. Und auch mein Einblick in die Untiefen der <a href=\"https:\/\/bernhard-fiedler.at\/weblog\/?p=549\">Agrarb\u00fcrokratie<\/a> entstand aus aktuellem Anla\u00df.<\/p>\n<p>Im <strong><a href=\"https:\/\/bernhard-fiedler.at\/weblog\/?m=200805\">Mai<\/a><\/strong> konnte ich vor allem dar\u00fcber berichten, <a href=\"https:\/\/bernhard-fiedler.at\/weblog\/?p=572\">was mich alles vom Bloggen abh\u00e4lt<\/a>. Immerhin bin ich aber mit Hilfe von Geralds Kommentaren auf die Spur der <a href=\"https:\/\/bernhard-fiedler.at\/weblog\/?p=574\">Hyazinthengew\u00e4chse im Weingarten<\/a> gekommen.<\/p>\n<p>Der <strong><a href=\"https:\/\/bernhard-fiedler.at\/weblog\/?m=200806\">Juni<\/a><\/strong> begann mit einer <a href=\"https:\/\/bernhard-fiedler.at\/weblog\/?p=589\">eher n\u00fcchternen Bilanz<\/a> unserer Teilnahme an der Wiener Weinmesse Vievinum. Mit dem <a href=\"https:\/\/bernhard-fiedler.at\/weblog\/?p=594\">ungest\u00fcmen Wachstum<\/a> der Reben verlagerte sich aber auch der Blog-Schwerpunkt in Richtung Weingarten und Wetter, das 2008 nicht nur einmal f\u00fcr <a href=\"https:\/\/bernhard-fiedler.at\/weblog\/?p=610\">ungewohnte Verh\u00e4ltnisse<\/a> sorgte.<\/p>\n<p>Anfang <strong><a href=\"https:\/\/bernhard-fiedler.at\/weblog\/?m=200807\">Juli<\/a><\/strong> beklagte ich <a href=\"https:\/\/bernhard-fiedler.at\/weblog\/?p=329\">das fehlende Gesp\u00fcr mancher Berufskollegen f\u00fcr den richtigen Zeitpunkt<\/a> der Bodenbearbeitung und (unter anderem) davon inspiriert habe ich wenig sp\u00e4ter auch gleich eine <a href=\"https:\/\/bernhard-fiedler.at\/weblog\/?p=626\">Serie \u00fcber die pedologische Sprachverwirrung<\/a> gestartet, die es bislang auf immerhin f\u00fcnf Teile gebracht hat. <\/p>\n<p>Au\u00dferdem berichtete von meinem <a href=\"https:\/\/bernhard-fiedler.at\/weblog\/?p=624\">Fernsehauftritt<\/a> und versuchte mich an <a href=\"https:\/\/bernhard-fiedler.at\/weblog\/?p=612\">einer anderen Art der Weinbaugeschichtsschreibung<\/a>, ehe mich das Wetter und die Entwicklung der Reben Ende des Monats <a href=\"https:\/\/bernhard-fiedler.at\/weblog\/?p=627\">zwischen Hoffnung und Ern\u00fcchterung<\/a> schwanken lie\u00df.<\/p>\n<p>Mit <a href=\"https:\/\/bernhard-fiedler.at\/weblog\/?p=640\">Tagen wie diesem<\/a> wendete sich aber zum Gl\u00fcck im <strong><a href=\"https:\/\/bernhard-fiedler.at\/weblog\/?m=200808\">August<\/a><\/strong> das Blatt und <a href=\"https:\/\/bernhard-fiedler.at\/weblog\/?p=647\">Hoch(druckgebiets)stimmung<\/a> kehrte ein. Wenige Wochen vor der Lese erschien der Jahrgang 2008 <a href=\"https:\/\/bernhard-fiedler.at\/weblog\/?p=644\">besonders anders<\/a>, <a href=\"https:\/\/bernhard-fiedler.at\/weblog\/?p=651\">die ersten Reifemessungen<\/a> waren aber durchaus vielversprechend.<\/p>\n<p>Anfang <strong><a href=\"https:\/\/bernhard-fiedler.at\/weblog\/?m=200809\">September<\/a><\/strong> feierte ich im ganz kleinen Kreis <a href=\"https:\/\/bernhard-fiedler.at\/weblog\/?p=654\">731 Tage Bloggerei<\/a>. Danach gab es fast nur noch <a href=\"https:\/\/bernhard-fiedler.at\/weblog\/?cat=21\">Beitr\u00e4ge \u00fcber die Weinlese<\/a>, denn die Zeit der Ernte bringt nicht nur viel Arbeit, sondern auch viel zu berichten.<\/p>\n<p>Beitr\u00e4ge wie jene \u00fcber den Temperatursturz von <a href=\"https:\/\/bernhard-fiedler.at\/weblog\/?p=665\">20 Grad in drei Tagen<\/a>, \u00fcber die <a href=\"https:\/\/bernhard-fiedler.at\/weblog\/?p=677\">Blaufr\u00e4nkisch-Schrecksekunde<\/a> aber auch \u00fcber das vermutete <a href=\"https:\/\/bernhard-fiedler.at\/weblog\/?p=675\">Highlight des Jahrgangs<\/a> zeugen vom Auf und Ab w\u00e4hrend der turbulenten Lesewochen.<\/p>\n<p>Erst nachdem wir mit der Lese <a href=\"https:\/\/bernhard-fiedler.at\/weblog\/?p=685\">fast fertig<\/a> waren, kehrte im <strong><a href=\"https:\/\/bernhard-fiedler.at\/weblog\/?m=200810\">Oktober<\/a><\/strong> wieder etwas Ruhe ein. Eine gute Gelegenheit, einmal zu erkl\u00e4ren, warum wir unsere Trauben meist vor dem <a href=\"https:\/\/bernhard-fiedler.at\/weblog\/?p=687\">goldenen Oktober<\/a> ernten. <\/p>\n<p>Und w\u00e4hrend da und dort schon \u00fcber die Qualit\u00e4t des Jahrgangs r\u00e4soniert wurde, habe ich mich mit vorschnellen Qualit\u00e4tsprognosen zur\u00fcckgehalten und auf die deutlich zu niedrige Mengensch\u00e4tzung <a href=\"https:\/\/bernhard-fiedler.at\/weblog\/?p=689\">hingewiesen<\/a>. Und prompt <a href=\"https:\/\/bernhard-fiedler.at\/weblog\/?p=699\">recht behalten<\/a>.<\/p>\n<p>Im <strong><a href=\"https:\/\/bernhard-fiedler.at\/weblog\/?m=200811\">November<\/a><\/strong> gab es nicht nur im Keller, sondern auch mit der Vorbereitung einer Neuauspflanzung im Fr\u00fchling 2009 viel zu tun. Grund genug, eine eigene Serie dar\u00fcber zu starten, wie <a href=\"https:\/\/bernhard-fiedler.at\/weblog\/?cat=22\">ein Weingarten entsteht<\/a>. Wie das Grundst\u00fcck nach den Herbstarbeiten ruht nun auch die Berichterstattung bis zum Fr\u00fchling.<\/p>\n<p>Am 17. des Monats haben wir nach langem Warten endlich (<a href=\"https:\/\/bernhard-fiedler.at\/weblog\/?p=693\">mit<\/a> <a href=\"https:\/\/bernhard-fiedler.at\/weblog\/?p=701\">sch\u00f6nen<\/a> <a href=\"https:\/\/bernhard-fiedler.at\/weblog\/?p=712\">Botrytis-Bildern<\/a>) den Abschlu\u00df der Weinlese <a href=\"https:\/\/bernhard-fiedler.at\/weblog\/?p=723\">geschafft<\/a> und eine Beerenauslese geerntet. Und beinahe nebenbei unsere neue <a href=\"http:\/\/grenzhof-fiedler.at\/home\/\">Weinguts-Website<\/a> <a href=\"https:\/\/bernhard-fiedler.at\/weblog\/?p=737\">erarbeitet<\/a>.<\/p>\n<p>Den Relaunch dieses Blogs haben im <strong><a href=\"https:\/\/bernhard-fiedler.at\/weblog\/?m=200812\">Dezember<\/a><\/strong> <a href=\"https:\/\/bernhard-fiedler.at\/weblog\/?p=758\">technische Schwierigkeiten<\/a> bislang verhindert, und auch <a href=\"https:\/\/bernhard-fiedler.at\/weblog\/?p=809\">das Update auf WordPress 2.7<\/a> hat daran nichts ge\u00e4ndert. Daf\u00fcr gab es Erfreuliches \u00fcber den Jahrgang 2008 zu lesen, als ich mich zum <a href=\"https:\/\/bernhard-fiedler.at\/weblog\/?p=739\">Versuch einer ersten Einsch\u00e4tzung<\/a> hinrei\u00dfen lie\u00df.<\/p>\n<p>Mal sehen, was mir 2009 so alles einf\u00e4llt.<\/p>\n<p>Ich w\u00fcnsche allen Blog-Lesern einen guten Rutsch ins neue Jahr!<\/p>\n<p>Bernhard Fiedler<\/p>\n","protected":false},"excerpt":{"rendered":"<p>Ab Mitte Dezember wimmelt es in allen Arten von Medien nur so von Jahresr\u00fcckblicken. Und weil mir gerade die Inspiration f\u00fcr neue Beitr\u00e4ge fehlt (und ich auch ein wenig hoffe, sie vielleicht beim Durchsehen meiner Bloggerei des ganzen Jahres wiederzufinden), gibt es heuer auch bei mir etwas in der Art: Insgesamt habe ich 2008 rund &#8230; <a title=\"Mein Blog-Jahr 2008\" class=\"read-more\" href=\"https:\/\/bernhard-fiedler.at\/weblog\/?p=818\" aria-label=\"Mehr Informationen \u00fcber Mein Blog-Jahr 2008\">Weiterlesen<\/a><\/p>\n","protected":false},"author":2,"featured_media":0,"comment_status":"open","ping_status":"open","sticky":false,"template":"","format":"standard","meta":{"footnotes":""},"categories":[1],"tags":[],"class_list":["post-818","post","type-post","status-publish","format-standard","hentry","category-allgemein"],"_links":{"self":[{"href":"https:\/\/bernhard-fiedler.at\/weblog\/index.php?rest_route=\/wp\/v2\/posts\/818","targetHints":{"allow":["GET"]}}],"collection":[{"href":"https:\/\/bernhard-fiedler.at\/weblog\/index.php?rest_route=\/wp\/v2\/posts"}],"about":[{"href":"https:\/\/bernhard-fiedler.at\/weblog\/index.php?rest_route=\/wp\/v2\/types\/post"}],"author":[{"embeddable":true,"href":"https:\/\/bernhard-fiedler.at\/weblog\/index.php?rest_route=\/wp\/v2\/users\/2"}],"replies":[{"embeddable":true,"href":"https:\/\/bernhard-fiedler.at\/weblog\/index.php?rest_route=%2Fwp%2Fv2%2Fcomments&post=818"}],"version-history":[{"count":16,"href":"https:\/\/bernhard-fiedler.at\/weblog\/index.php?rest_route=\/wp\/v2\/posts\/818\/revisions"}],"predecessor-version":[{"id":833,"href":"https:\/\/bernhard-fiedler.at\/weblog\/index.php?rest_route=\/wp\/v2\/posts\/818\/revisions\/833"}],"wp:attachment":[{"href":"https:\/\/bernhard-fiedler.at\/weblog\/index.php?rest_route=%2Fwp%2Fv2%2Fmedia&parent=818"}],"wp:term":[{"taxonomy":"category","embeddable":true,"href":"https:\/\/bernhard-fiedler.at\/weblog\/index.php?rest_route=%2Fwp%2Fv2%2Fcategories&post=818"},{"taxonomy":"post_tag","embeddable":true,"href":"https:\/\/bernhard-fiedler.at\/weblog\/index.php?rest_route=%2Fwp%2Fv2%2Ftags&post=818"}],"curies":[{"name":"wp","href":"https:\/\/api.w.org\/{rel}","templated":true}]}}