{"id":8028,"date":"2022-08-25T11:11:22","date_gmt":"2022-08-25T09:11:22","guid":{"rendered":"https:\/\/bernhard-fiedler.at\/weblog\/?p=8028"},"modified":"2022-08-25T11:11:22","modified_gmt":"2022-08-25T09:11:22","slug":"lesebeginn-3","status":"publish","type":"post","link":"https:\/\/bernhard-fiedler.at\/weblog\/?p=8028","title":{"rendered":"Lesebeginn"},"content":{"rendered":"\n<p>Ungew\u00f6hnliches Wetter erfordert eine ungew\u00f6hnliche Lese. Deshalb ernten wir heute und morgen unseren Gr\u00fcnen Veltliner 2022.<\/p>\n\n\n\n<p>Normalerweise ist der Gr\u00fcne Veltliner gro\u00dftraubig und -beerig und deshalb sehr reichtragend. Diese Eigenschaften helfen uns beim leichten, erfrischenden Weinstil, den wir damit anstreben, weil sie die Reife etwas verz\u00f6gern. Heuer allerdings sind wegen der Trockenheit und der Hitze die Beeren nur h\u00f6chstens halb so gro\u00df wie normal, dementsprechend gering ist der Ertrag und dementsprechend weit die Traubenreife.<\/p>\n\n\n\n<p>Um trotzdem den gewohnten Stil zu erreichen (den der Gr\u00fcne Veltliner so gut kann, wie kaum eine andere Sorte), haben wir uns vor ein paar Tagen zur Lese entschlossen. Die ersten Trauben sind bereits im Keller und liegen punktgenau bei 16,5\u00b0KMW, also sp\u00e4ter etwa 11 oder 11,5% Alkohol.<\/p>\n\n\n\n<p>Der die anderen Sorten d\u00fcrfen noch ein paar Tage Sonne genie\u00dfen, ehe wir nach einer Woche Pause dann am 5. September &#8222;richtig&#8220; mit der Ernte beginnen.<\/p>\n\n\n\n<p>Weinlesefeeling kommt nat\u00fcrlich trotzdem schon auf, und obwohl die n\u00e4chsten Wochen die anstrengendsten des ganzen Weinjahres sind, in denen man mitunter an die Grenzen der physischen und psychischen Belastbarkeit ger\u00e4t ist heute f\u00fcr mich ein Tag der Freude!<\/p>\n","protected":false},"excerpt":{"rendered":"<p>Ungew\u00f6hnliches Wetter erfordert eine ungew\u00f6hnliche Lese. Deshalb ernten wir heute und morgen unseren Gr\u00fcnen Veltliner 2022. Normalerweise ist der Gr\u00fcne Veltliner gro\u00dftraubig und -beerig und deshalb sehr reichtragend. Diese Eigenschaften helfen uns beim leichten, erfrischenden Weinstil, den wir damit anstreben, weil sie die Reife etwas verz\u00f6gern. Heuer allerdings sind wegen der Trockenheit und der Hitze &#8230; <a title=\"Lesebeginn\" class=\"read-more\" href=\"https:\/\/bernhard-fiedler.at\/weblog\/?p=8028\" aria-label=\"Mehr Informationen \u00fcber Lesebeginn\">Weiterlesen<\/a><\/p>\n","protected":false},"author":2,"featured_media":8029,"comment_status":"open","ping_status":"open","sticky":false,"template":"","format":"standard","meta":{"footnotes":""},"categories":[49],"tags":[],"class_list":["post-8028","post","type-post","status-publish","format-standard","has-post-thumbnail","hentry","category-lese-2022"],"_links":{"self":[{"href":"https:\/\/bernhard-fiedler.at\/weblog\/index.php?rest_route=\/wp\/v2\/posts\/8028","targetHints":{"allow":["GET"]}}],"collection":[{"href":"https:\/\/bernhard-fiedler.at\/weblog\/index.php?rest_route=\/wp\/v2\/posts"}],"about":[{"href":"https:\/\/bernhard-fiedler.at\/weblog\/index.php?rest_route=\/wp\/v2\/types\/post"}],"author":[{"embeddable":true,"href":"https:\/\/bernhard-fiedler.at\/weblog\/index.php?rest_route=\/wp\/v2\/users\/2"}],"replies":[{"embeddable":true,"href":"https:\/\/bernhard-fiedler.at\/weblog\/index.php?rest_route=%2Fwp%2Fv2%2Fcomments&post=8028"}],"version-history":[{"count":1,"href":"https:\/\/bernhard-fiedler.at\/weblog\/index.php?rest_route=\/wp\/v2\/posts\/8028\/revisions"}],"predecessor-version":[{"id":8030,"href":"https:\/\/bernhard-fiedler.at\/weblog\/index.php?rest_route=\/wp\/v2\/posts\/8028\/revisions\/8030"}],"wp:featuredmedia":[{"embeddable":true,"href":"https:\/\/bernhard-fiedler.at\/weblog\/index.php?rest_route=\/wp\/v2\/media\/8029"}],"wp:attachment":[{"href":"https:\/\/bernhard-fiedler.at\/weblog\/index.php?rest_route=%2Fwp%2Fv2%2Fmedia&parent=8028"}],"wp:term":[{"taxonomy":"category","embeddable":true,"href":"https:\/\/bernhard-fiedler.at\/weblog\/index.php?rest_route=%2Fwp%2Fv2%2Fcategories&post=8028"},{"taxonomy":"post_tag","embeddable":true,"href":"https:\/\/bernhard-fiedler.at\/weblog\/index.php?rest_route=%2Fwp%2Fv2%2Ftags&post=8028"}],"curies":[{"name":"wp","href":"https:\/\/api.w.org\/{rel}","templated":true}]}}