{"id":7959,"date":"2022-05-27T21:55:58","date_gmt":"2022-05-27T19:55:58","guid":{"rendered":"https:\/\/bernhard-fiedler.at\/weblog\/?p=7959"},"modified":"2022-05-27T22:01:41","modified_gmt":"2022-05-27T20:01:41","slug":"wenn-die-wilden-rosen-bluehen","status":"publish","type":"post","link":"https:\/\/bernhard-fiedler.at\/weblog\/?p=7959","title":{"rendered":"Wenn die wilden Rosen bl\u00fchen"},"content":{"rendered":"\n<p>Unsere Reben konzentrieren jetzt ihre ganze Kraft auf das Triebwachstum und damit hat f\u00fcr uns die arbeitsreichste Zeit des Jahres begonnen. In den n\u00e4chsten Wochen sind wir damit besch\u00e4ftigt, das Wachstum in die richtigen Bahnen zu lenken um Triebe und Bl\u00e4tter in die beste Position zu bringen.<\/p>\n\n\n\n<p>Erst wenn ab Ende Juni die Energie der Reben st\u00e4rker in die Trauben geht, l\u00e4sst der Stress etwas nach und wir k\u00f6nnen uns in Ruhe um die Trauben und die Feinarbeiten im Weingarten bis zur Lese k\u00fcmmern.<\/p>\n\n\n\n<p>Mehr zu unserer derzeitigen Arbeit und was es mit der \u00dcberschrift auf sich hat, erkl\u00e4re ich in einem kurzen Video:<\/p>\n\n\n\n<figure class=\"wp-block-embed is-type-video is-provider-vimeo wp-block-embed-vimeo\"><div class=\"wp-block-embed__wrapper\">\n<iframe loading=\"lazy\" title=\"Laubarbeit 2022\" src=\"https:\/\/player.vimeo.com\/video\/714590314?h=49c79ffc1c&amp;dnt=1&amp;app_id=122963\" width=\"720\" height=\"720\" frameborder=\"0\" allow=\"autoplay; fullscreen; picture-in-picture\" allowfullscreen><\/iframe>\n<\/div><\/figure>\n\n\n\n<p><a href=\"https:\/\/vimeo.com\/714590314\">Laubarbeit 2022<\/a> from <a href=\"https:\/\/vimeo.com\/user19830588\">Grenzhof Fiedler<\/a> on <a href=\"https:\/\/vimeo.com\">Vimeo<\/a>.<\/p>\n","protected":false},"excerpt":{"rendered":"<p>Unsere Reben konzentrieren jetzt ihre ganze Kraft auf das Triebwachstum und damit hat f\u00fcr uns die arbeitsreichste Zeit des Jahres begonnen. In den n\u00e4chsten Wochen sind wir damit besch\u00e4ftigt, das Wachstum in die richtigen Bahnen zu lenken um Triebe und Bl\u00e4tter in die beste Position zu bringen. Erst wenn ab Ende Juni die Energie der &#8230; <a title=\"Wenn die wilden Rosen bl\u00fchen\" class=\"read-more\" href=\"https:\/\/bernhard-fiedler.at\/weblog\/?p=7959\" aria-label=\"Mehr Informationen \u00fcber Wenn die wilden Rosen bl\u00fchen\">Weiterlesen<\/a><\/p>\n","protected":false},"author":2,"featured_media":7960,"comment_status":"open","ping_status":"open","sticky":false,"template":"","format":"standard","meta":{"footnotes":""},"categories":[3,32],"tags":[],"class_list":["post-7959","post","type-post","status-publish","format-standard","has-post-thumbnail","hentry","category-im-weingarten","category-videos"],"_links":{"self":[{"href":"https:\/\/bernhard-fiedler.at\/weblog\/index.php?rest_route=\/wp\/v2\/posts\/7959","targetHints":{"allow":["GET"]}}],"collection":[{"href":"https:\/\/bernhard-fiedler.at\/weblog\/index.php?rest_route=\/wp\/v2\/posts"}],"about":[{"href":"https:\/\/bernhard-fiedler.at\/weblog\/index.php?rest_route=\/wp\/v2\/types\/post"}],"author":[{"embeddable":true,"href":"https:\/\/bernhard-fiedler.at\/weblog\/index.php?rest_route=\/wp\/v2\/users\/2"}],"replies":[{"embeddable":true,"href":"https:\/\/bernhard-fiedler.at\/weblog\/index.php?rest_route=%2Fwp%2Fv2%2Fcomments&post=7959"}],"version-history":[{"count":2,"href":"https:\/\/bernhard-fiedler.at\/weblog\/index.php?rest_route=\/wp\/v2\/posts\/7959\/revisions"}],"predecessor-version":[{"id":7963,"href":"https:\/\/bernhard-fiedler.at\/weblog\/index.php?rest_route=\/wp\/v2\/posts\/7959\/revisions\/7963"}],"wp:featuredmedia":[{"embeddable":true,"href":"https:\/\/bernhard-fiedler.at\/weblog\/index.php?rest_route=\/wp\/v2\/media\/7960"}],"wp:attachment":[{"href":"https:\/\/bernhard-fiedler.at\/weblog\/index.php?rest_route=%2Fwp%2Fv2%2Fmedia&parent=7959"}],"wp:term":[{"taxonomy":"category","embeddable":true,"href":"https:\/\/bernhard-fiedler.at\/weblog\/index.php?rest_route=%2Fwp%2Fv2%2Fcategories&post=7959"},{"taxonomy":"post_tag","embeddable":true,"href":"https:\/\/bernhard-fiedler.at\/weblog\/index.php?rest_route=%2Fwp%2Fv2%2Ftags&post=7959"}],"curies":[{"name":"wp","href":"https:\/\/api.w.org\/{rel}","templated":true}]}}