{"id":7803,"date":"2021-12-14T07:01:06","date_gmt":"2021-12-14T06:01:06","guid":{"rendered":"https:\/\/bernhard-fiedler.at\/weblog\/?p=7803"},"modified":"2021-12-14T07:52:04","modified_gmt":"2021-12-14T06:52:04","slug":"ein-neuer-look-fuer-den-15jaehrigen","status":"publish","type":"post","link":"https:\/\/bernhard-fiedler.at\/weblog\/?p=7803","title":{"rendered":"Ein neuer Look f\u00fcr den 15j\u00e4hrigen"},"content":{"rendered":"\n<p>Am Sonntag, den 3. September 2006 ging mein Blog <a href=\"https:\/\/bernhard-fiedler.at\/weblog\/?p=52\">mit diesem Beitrag<\/a> online. Und wie meistens in den letzten Jahren habe ich den Blog-Geburtstag auch heuer vergessen. 1245 Beitr\u00e4ge habe ich seither ver\u00f6ffentlicht und 24 weitere davor in einer zweimonatigen Testphase, die erst nachtr\u00e4glich freigeschaltet wurden.<\/p>\n\n\n\n<p>Viel hat sich in den letzten 15 Jahren ver\u00e4ndert in der Welt und bei mir pers\u00f6nlich, deshalb wirken sicher einige meiner Texte \u00fcberholt. Andere haben mittlerweile Archiv-Charakter und sind als R\u00fcckschau auch f\u00fcr mich spannend zu lesen. Gar nicht so wenige Beitr\u00e4ge haben aber nichts an Aktualit\u00e4t verloren, nicht zuletzt die Serien \u00fcber die Weinbereitung und meine Gedanken dazu:<\/p>\n\n\n\n<!--more-->\n\n\n\n<p><a href=\"https:\/\/bernhard-fiedler.at\/weblog\/?cat=11\">Von Traube zu Wei\u00dfwein<\/a><\/p>\n\n\n\n<p><a href=\"https:\/\/bernhard-fiedler.at\/weblog\/?cat=12\">Wie entsteht Rotwein?<\/a><\/p>\n\n\n\n<p><a href=\"https:\/\/bernhard-fiedler.at\/weblog\/?cat=20\">Der gl\u00e4serne Wein<\/a><\/p>\n\n\n\n<p>Nicht ver\u00e4ndert in den 15 Jahren hat sich das Aussehen des Blogs, auch weil mir Inhalt und Aktualit\u00e4t immer wichtiger waren, als die Optik. Im Gegensatz zu heute war aber 2006 das Lesen der Texte am Handy oder Tablet kein Thema, deshalb habe ich dem Blog jetzt sp\u00e4t aber doch einen neuen Look mit guter Darstellung auf allen Bildschirmgr\u00f6\u00dfen spendiert.<\/p>\n\n\n\n<p>Umgesetzt hat das mit ein bisschen externer Hilfe vor allem mein Bruder, ohne dessen technisches Know-How und Zeit es diesen Blog nie gegeben h\u00e4tte bzw. nicht mehr geben w\u00fcrde. Herzlichen Dank daf\u00fcr!<\/p>\n","protected":false},"excerpt":{"rendered":"<p>Am Sonntag, den 3. September 2006 ging mein Blog mit diesem Beitrag online. Und wie meistens in den letzten Jahren habe ich den Blog-Geburtstag auch heuer vergessen. 1245 Beitr\u00e4ge habe ich seither ver\u00f6ffentlicht und 24 weitere davor in einer zweimonatigen Testphase, die erst nachtr\u00e4glich freigeschaltet wurden. Viel hat sich in den letzten 15 Jahren ver\u00e4ndert &#8230; <a title=\"Ein neuer Look f\u00fcr den 15j\u00e4hrigen\" class=\"read-more\" href=\"https:\/\/bernhard-fiedler.at\/weblog\/?p=7803\" aria-label=\"Mehr Informationen \u00fcber Ein neuer Look f\u00fcr den 15j\u00e4hrigen\">Weiterlesen<\/a><\/p>\n","protected":false},"author":2,"featured_media":7806,"comment_status":"open","ping_status":"open","sticky":false,"template":"","format":"standard","meta":{"footnotes":""},"categories":[1],"tags":[],"class_list":["post-7803","post","type-post","status-publish","format-standard","has-post-thumbnail","hentry","category-allgemein"],"_links":{"self":[{"href":"https:\/\/bernhard-fiedler.at\/weblog\/index.php?rest_route=\/wp\/v2\/posts\/7803","targetHints":{"allow":["GET"]}}],"collection":[{"href":"https:\/\/bernhard-fiedler.at\/weblog\/index.php?rest_route=\/wp\/v2\/posts"}],"about":[{"href":"https:\/\/bernhard-fiedler.at\/weblog\/index.php?rest_route=\/wp\/v2\/types\/post"}],"author":[{"embeddable":true,"href":"https:\/\/bernhard-fiedler.at\/weblog\/index.php?rest_route=\/wp\/v2\/users\/2"}],"replies":[{"embeddable":true,"href":"https:\/\/bernhard-fiedler.at\/weblog\/index.php?rest_route=%2Fwp%2Fv2%2Fcomments&post=7803"}],"version-history":[{"count":4,"href":"https:\/\/bernhard-fiedler.at\/weblog\/index.php?rest_route=\/wp\/v2\/posts\/7803\/revisions"}],"predecessor-version":[{"id":7813,"href":"https:\/\/bernhard-fiedler.at\/weblog\/index.php?rest_route=\/wp\/v2\/posts\/7803\/revisions\/7813"}],"wp:featuredmedia":[{"embeddable":true,"href":"https:\/\/bernhard-fiedler.at\/weblog\/index.php?rest_route=\/wp\/v2\/media\/7806"}],"wp:attachment":[{"href":"https:\/\/bernhard-fiedler.at\/weblog\/index.php?rest_route=%2Fwp%2Fv2%2Fmedia&parent=7803"}],"wp:term":[{"taxonomy":"category","embeddable":true,"href":"https:\/\/bernhard-fiedler.at\/weblog\/index.php?rest_route=%2Fwp%2Fv2%2Fcategories&post=7803"},{"taxonomy":"post_tag","embeddable":true,"href":"https:\/\/bernhard-fiedler.at\/weblog\/index.php?rest_route=%2Fwp%2Fv2%2Ftags&post=7803"}],"curies":[{"name":"wp","href":"https:\/\/api.w.org\/{rel}","templated":true}]}}