{"id":7666,"date":"2021-09-27T17:53:08","date_gmt":"2021-09-27T15:53:08","guid":{"rendered":"http:\/\/www.bernhard-fiedler.at\/weblog\/?p=7666"},"modified":"2021-09-27T17:53:08","modified_gmt":"2021-09-27T15:53:08","slug":"denkwuerdig","status":"publish","type":"post","link":"https:\/\/bernhard-fiedler.at\/weblog\/?p=7666","title":{"rendered":"Denkw\u00fcrdig"},"content":{"rendered":"\n<figure class=\"wp-block-image size-large is-resized\"><a href=\"https:\/\/bernhard-fiedler.at\/weblog\/wp-content\/uploads\/2021\/09\/20210927_151302-scaled.jpg\"><img loading=\"lazy\" decoding=\"async\" src=\"https:\/\/bernhard-fiedler.at\/weblog\/wp-content\/uploads\/2021\/09\/20210927_151302-1024x768.jpg\" alt=\"\" class=\"wp-image-7667\" width=\"512\" height=\"384\" srcset=\"https:\/\/bernhard-fiedler.at\/weblog\/wp-content\/uploads\/2021\/09\/20210927_151302-1024x768.jpg 1024w, https:\/\/bernhard-fiedler.at\/weblog\/wp-content\/uploads\/2021\/09\/20210927_151302-300x225.jpg 300w, https:\/\/bernhard-fiedler.at\/weblog\/wp-content\/uploads\/2021\/09\/20210927_151302-768x576.jpg 768w, https:\/\/bernhard-fiedler.at\/weblog\/wp-content\/uploads\/2021\/09\/20210927_151302-1536x1152.jpg 1536w, https:\/\/bernhard-fiedler.at\/weblog\/wp-content\/uploads\/2021\/09\/20210927_151302-2048x1536.jpg 2048w\" sizes=\"auto, (max-width: 512px) 100vw, 512px\" \/><\/a><\/figure>\n\n\n\n<p>Heute habe ich am Geburtstag meines Vaters ein Fass bef\u00fcllt, das so alt ist, wie er. Zweigelt 2021, gestern gepresst und \u00fcber Nacht im Tank, bevor er heute seinen Aufenthaltsort f\u00fcr die n\u00e4chsten Monate beziehen durfte.<\/p>\n\n\n\n<p>Traditionelle F\u00e4sser spielen in unserem Keller eine gro\u00dfe Rolle. <a href=\"https:\/\/bernhard-fiedler.at\/weblog\/?p=2329\">Hier<\/a> habe ich schon einmal beschrieben, wor\u00fcber man beim Betrachten der stummen Zeitzeugen nachdenken k\u00f6nnte. Und <a href=\"https:\/\/bernhard-fiedler.at\/weblog\/?p=5965\">hier<\/a>, wie ich das erste von mittlerweile drei F\u00e4ssern aus dem Keller meiner Schwiegereltern bekommen habe.<\/p>\n\n\n\n<p>Das letzte der drei hat erst heuer, eine Woche vor Lesebeginn seinen Weg zu uns gefunden. Und es erinnert an die Silberne Hochzeit der Gro\u00dfeltern meiner Frau vor 50 Jahren:<\/p>\n\n\n\n<figure class=\"wp-block-image size-large is-resized\"><a href=\"https:\/\/bernhard-fiedler.at\/weblog\/wp-content\/uploads\/2021\/09\/20210927_171658-scaled.jpg\"><img loading=\"lazy\" decoding=\"async\" src=\"https:\/\/bernhard-fiedler.at\/weblog\/wp-content\/uploads\/2021\/09\/20210927_171658-1024x768.jpg\" alt=\"\" class=\"wp-image-7669\" width=\"512\" height=\"384\" srcset=\"https:\/\/bernhard-fiedler.at\/weblog\/wp-content\/uploads\/2021\/09\/20210927_171658-1024x768.jpg 1024w, https:\/\/bernhard-fiedler.at\/weblog\/wp-content\/uploads\/2021\/09\/20210927_171658-300x225.jpg 300w, https:\/\/bernhard-fiedler.at\/weblog\/wp-content\/uploads\/2021\/09\/20210927_171658-768x576.jpg 768w, https:\/\/bernhard-fiedler.at\/weblog\/wp-content\/uploads\/2021\/09\/20210927_171658-1536x1152.jpg 1536w, https:\/\/bernhard-fiedler.at\/weblog\/wp-content\/uploads\/2021\/09\/20210927_171658-2048x1536.jpg 2048w\" sizes=\"auto, (max-width: 512px) 100vw, 512px\" \/><\/a><\/figure>\n","protected":false},"excerpt":{"rendered":"<p>Heute habe ich am Geburtstag meines Vaters ein Fass bef\u00fcllt, das so alt ist, wie er. Zweigelt 2021, gestern gepresst und \u00fcber Nacht im Tank, bevor er heute seinen Aufenthaltsort f\u00fcr die n\u00e4chsten Monate beziehen durfte. Traditionelle F\u00e4sser spielen in unserem Keller eine gro\u00dfe Rolle. Hier habe ich schon einmal beschrieben, wor\u00fcber man beim Betrachten &#8230; <a title=\"Denkw\u00fcrdig\" class=\"read-more\" href=\"https:\/\/bernhard-fiedler.at\/weblog\/?p=7666\" aria-label=\"Mehr Informationen \u00fcber Denkw\u00fcrdig\">Weiterlesen<\/a><\/p>\n","protected":false},"author":2,"featured_media":0,"comment_status":"open","ping_status":"open","sticky":false,"template":"","format":"standard","meta":{"footnotes":""},"categories":[44],"tags":[],"class_list":["post-7666","post","type-post","status-publish","format-standard","hentry","category-lese-2021"],"_links":{"self":[{"href":"https:\/\/bernhard-fiedler.at\/weblog\/index.php?rest_route=\/wp\/v2\/posts\/7666","targetHints":{"allow":["GET"]}}],"collection":[{"href":"https:\/\/bernhard-fiedler.at\/weblog\/index.php?rest_route=\/wp\/v2\/posts"}],"about":[{"href":"https:\/\/bernhard-fiedler.at\/weblog\/index.php?rest_route=\/wp\/v2\/types\/post"}],"author":[{"embeddable":true,"href":"https:\/\/bernhard-fiedler.at\/weblog\/index.php?rest_route=\/wp\/v2\/users\/2"}],"replies":[{"embeddable":true,"href":"https:\/\/bernhard-fiedler.at\/weblog\/index.php?rest_route=%2Fwp%2Fv2%2Fcomments&post=7666"}],"version-history":[{"count":2,"href":"https:\/\/bernhard-fiedler.at\/weblog\/index.php?rest_route=\/wp\/v2\/posts\/7666\/revisions"}],"predecessor-version":[{"id":7670,"href":"https:\/\/bernhard-fiedler.at\/weblog\/index.php?rest_route=\/wp\/v2\/posts\/7666\/revisions\/7670"}],"wp:attachment":[{"href":"https:\/\/bernhard-fiedler.at\/weblog\/index.php?rest_route=%2Fwp%2Fv2%2Fmedia&parent=7666"}],"wp:term":[{"taxonomy":"category","embeddable":true,"href":"https:\/\/bernhard-fiedler.at\/weblog\/index.php?rest_route=%2Fwp%2Fv2%2Fcategories&post=7666"},{"taxonomy":"post_tag","embeddable":true,"href":"https:\/\/bernhard-fiedler.at\/weblog\/index.php?rest_route=%2Fwp%2Fv2%2Ftags&post=7666"}],"curies":[{"name":"wp","href":"https:\/\/api.w.org\/{rel}","templated":true}]}}