{"id":7543,"date":"2021-06-09T21:45:25","date_gmt":"2021-06-09T19:45:25","guid":{"rendered":"http:\/\/www.bernhard-fiedler.at\/weblog\/?p=7543"},"modified":"2021-06-09T21:45:25","modified_gmt":"2021-06-09T19:45:25","slug":"bluetebeginn-2","status":"publish","type":"post","link":"https:\/\/bernhard-fiedler.at\/weblog\/?p=7543","title":{"rendered":"Bl\u00fctebeginn"},"content":{"rendered":"\n<figure class=\"wp-block-image size-large is-resized\"><a href=\"https:\/\/bernhard-fiedler.at\/weblog\/wp-content\/uploads\/2018\/05\/Bl\u00fcte-IMG_20180519_160538912-e1623267086739.jpg\"><img loading=\"lazy\" decoding=\"async\" src=\"https:\/\/bernhard-fiedler.at\/weblog\/wp-content\/uploads\/2018\/05\/Bl\u00fcte-IMG_20180519_160538912-1024x576.jpg\" alt=\"\" class=\"wp-image-6860\" width=\"512\" height=\"288\"\/><\/a><\/figure>\n\n\n\n<p>Gestern habe ich beim Chardonnay in der Ried Wieser die ersten ge\u00f6ffneten Bl\u00fcten gefunden. Das ist wie erwartet sp\u00e4t, aber nicht ganz so sp\u00e4t, wie noch vor ein paar Wochen bef\u00fcrchtet. Das warme Wetter der letzten Zeit hat gute Arbeit geleistet.<\/p>\n\n\n\n<p>Im Vergleich zum Durchschnitt der letzten 20 Jahre betr\u00e4gt der R\u00fcckstand wohl etwa zwei Wochen, aber selbst in diesem Zeitraum gab es einzelne durchaus vergleichbare Jahre. Und davor auch deutlich sp\u00e4tere.<\/p>\n\n\n\n<p>Je nach Sommerwetter k\u00f6nnen wir wohl mit einem Erntebeginn in der zweiten Septemberh\u00e4lfte rechnen. Ist es in den n\u00e4chsten Wochen warm und nicht zu trocken wird es eher Mitte des Monats werden. Wenn uns ein nasser Sp\u00e4tsommer mit hohem F\u00e4ulnisdruck zur Ernte zwingt, ebenso. Und wenn der Sommer k\u00fchl ausf\u00e4llt, dann r\u00fcckt die Lese vielleicht sogar in den Oktober.<\/p>\n\n\n\n<p>Das f\u00fchlt sich angesichts immer h\u00e4ufigerer August-Ernten ungewohnt an, ist aber auch kein Beinbruch. 2004 haben wir den Cabernet Sauvignon am 25. Oktober gelesen und sind damit Sortensieger bei Falstaff geworden&#8230;<\/p>\n","protected":false},"excerpt":{"rendered":"<p>Gestern habe ich beim Chardonnay in der Ried Wieser die ersten ge\u00f6ffneten Bl\u00fcten gefunden. Das ist wie erwartet sp\u00e4t, aber nicht ganz so sp\u00e4t, wie noch vor ein paar Wochen bef\u00fcrchtet. Das warme Wetter der letzten Zeit hat gute Arbeit geleistet. Im Vergleich zum Durchschnitt der letzten 20 Jahre betr\u00e4gt der R\u00fcckstand wohl etwa zwei &#8230; <a title=\"Bl\u00fctebeginn\" class=\"read-more\" href=\"https:\/\/bernhard-fiedler.at\/weblog\/?p=7543\" aria-label=\"Mehr Informationen \u00fcber Bl\u00fctebeginn\">Weiterlesen<\/a><\/p>\n","protected":false},"author":2,"featured_media":0,"comment_status":"open","ping_status":"open","sticky":false,"template":"","format":"standard","meta":{"footnotes":""},"categories":[3],"tags":[],"class_list":["post-7543","post","type-post","status-publish","format-standard","hentry","category-im-weingarten"],"_links":{"self":[{"href":"https:\/\/bernhard-fiedler.at\/weblog\/index.php?rest_route=\/wp\/v2\/posts\/7543","targetHints":{"allow":["GET"]}}],"collection":[{"href":"https:\/\/bernhard-fiedler.at\/weblog\/index.php?rest_route=\/wp\/v2\/posts"}],"about":[{"href":"https:\/\/bernhard-fiedler.at\/weblog\/index.php?rest_route=\/wp\/v2\/types\/post"}],"author":[{"embeddable":true,"href":"https:\/\/bernhard-fiedler.at\/weblog\/index.php?rest_route=\/wp\/v2\/users\/2"}],"replies":[{"embeddable":true,"href":"https:\/\/bernhard-fiedler.at\/weblog\/index.php?rest_route=%2Fwp%2Fv2%2Fcomments&post=7543"}],"version-history":[{"count":6,"href":"https:\/\/bernhard-fiedler.at\/weblog\/index.php?rest_route=\/wp\/v2\/posts\/7543\/revisions"}],"predecessor-version":[{"id":7549,"href":"https:\/\/bernhard-fiedler.at\/weblog\/index.php?rest_route=\/wp\/v2\/posts\/7543\/revisions\/7549"}],"wp:attachment":[{"href":"https:\/\/bernhard-fiedler.at\/weblog\/index.php?rest_route=%2Fwp%2Fv2%2Fmedia&parent=7543"}],"wp:term":[{"taxonomy":"category","embeddable":true,"href":"https:\/\/bernhard-fiedler.at\/weblog\/index.php?rest_route=%2Fwp%2Fv2%2Fcategories&post=7543"},{"taxonomy":"post_tag","embeddable":true,"href":"https:\/\/bernhard-fiedler.at\/weblog\/index.php?rest_route=%2Fwp%2Fv2%2Ftags&post=7543"}],"curies":[{"name":"wp","href":"https:\/\/api.w.org\/{rel}","templated":true}]}}