{"id":7321,"date":"2021-02-04T17:49:57","date_gmt":"2021-02-04T16:49:57","guid":{"rendered":"http:\/\/www.bernhard-fiedler.at\/weblog\/?p=7321"},"modified":"2021-02-04T17:49:57","modified_gmt":"2021-02-04T16:49:57","slug":"unwohl","status":"publish","type":"post","link":"https:\/\/bernhard-fiedler.at\/weblog\/?p=7321","title":{"rendered":"Unwohl"},"content":{"rendered":"\n<figure class=\"wp-block-image size-large is-resized\"><img loading=\"lazy\" decoding=\"async\" src=\"https:\/\/bernhard-fiedler.at\/weblog\/wp-content\/uploads\/2021\/02\/20210204_095320_resized-1024x768.jpg\" alt=\"\" class=\"wp-image-7322\" width=\"512\" height=\"384\" srcset=\"https:\/\/bernhard-fiedler.at\/weblog\/wp-content\/uploads\/2021\/02\/20210204_095320_resized-1024x768.jpg 1024w, https:\/\/bernhard-fiedler.at\/weblog\/wp-content\/uploads\/2021\/02\/20210204_095320_resized-300x225.jpg 300w, https:\/\/bernhard-fiedler.at\/weblog\/wp-content\/uploads\/2021\/02\/20210204_095320_resized-768x576.jpg 768w, https:\/\/bernhard-fiedler.at\/weblog\/wp-content\/uploads\/2021\/02\/20210204_095320_resized-1536x1152.jpg 1536w, https:\/\/bernhard-fiedler.at\/weblog\/wp-content\/uploads\/2021\/02\/20210204_095320_resized.jpg 2000w\" sizes=\"auto, (max-width: 512px) 100vw, 512px\" \/><\/figure>\n\n\n\n<p>In Fr\u00fchling und Herbst gleichen unsere Rebzeilen manchmal einer Garderobe, weil wir uns im Lauf des Tages Schicht f\u00fcr Schicht unserer Bekleidung entledigen. Bei steigenden Temperaturen lieber einen Pullover ausziehen als schwitzen und dann beim kleinsten Lufthauch frieren.<\/p>\n\n\n\n<p>Anfang Februar ist das normalerweise nicht notwendig, und dementsprechend unwohl habe ich mich heute beim Schneiden des Cabernet in der Ried Hader gef\u00fchlt. Nicht weil mir warm war, sondern weil 13 Grad um diese Jahreszeit b\u00f6se Folgen haben k\u00f6nnen.<\/p>\n\n\n\n<p>Hoffentlich wird es bald wieder k\u00e4lter, damit die Reben nicht auf die Idee kommen, der Fr\u00fchling st\u00fcnde unmittelbar bevor.<\/p>\n","protected":false},"excerpt":{"rendered":"<p>In Fr\u00fchling und Herbst gleichen unsere Rebzeilen manchmal einer Garderobe, weil wir uns im Lauf des Tages Schicht f\u00fcr Schicht unserer Bekleidung entledigen. Bei steigenden Temperaturen lieber einen Pullover ausziehen als schwitzen und dann beim kleinsten Lufthauch frieren. Anfang Februar ist das normalerweise nicht notwendig, und dementsprechend unwohl habe ich mich heute beim Schneiden des &#8230; <a title=\"Unwohl\" class=\"read-more\" href=\"https:\/\/bernhard-fiedler.at\/weblog\/?p=7321\" aria-label=\"Mehr Informationen \u00fcber Unwohl\">Weiterlesen<\/a><\/p>\n","protected":false},"author":2,"featured_media":0,"comment_status":"open","ping_status":"open","sticky":false,"template":"","format":"standard","meta":{"footnotes":""},"categories":[3],"tags":[],"class_list":["post-7321","post","type-post","status-publish","format-standard","hentry","category-im-weingarten"],"_links":{"self":[{"href":"https:\/\/bernhard-fiedler.at\/weblog\/index.php?rest_route=\/wp\/v2\/posts\/7321","targetHints":{"allow":["GET"]}}],"collection":[{"href":"https:\/\/bernhard-fiedler.at\/weblog\/index.php?rest_route=\/wp\/v2\/posts"}],"about":[{"href":"https:\/\/bernhard-fiedler.at\/weblog\/index.php?rest_route=\/wp\/v2\/types\/post"}],"author":[{"embeddable":true,"href":"https:\/\/bernhard-fiedler.at\/weblog\/index.php?rest_route=\/wp\/v2\/users\/2"}],"replies":[{"embeddable":true,"href":"https:\/\/bernhard-fiedler.at\/weblog\/index.php?rest_route=%2Fwp%2Fv2%2Fcomments&post=7321"}],"version-history":[{"count":5,"href":"https:\/\/bernhard-fiedler.at\/weblog\/index.php?rest_route=\/wp\/v2\/posts\/7321\/revisions"}],"predecessor-version":[{"id":7327,"href":"https:\/\/bernhard-fiedler.at\/weblog\/index.php?rest_route=\/wp\/v2\/posts\/7321\/revisions\/7327"}],"wp:attachment":[{"href":"https:\/\/bernhard-fiedler.at\/weblog\/index.php?rest_route=%2Fwp%2Fv2%2Fmedia&parent=7321"}],"wp:term":[{"taxonomy":"category","embeddable":true,"href":"https:\/\/bernhard-fiedler.at\/weblog\/index.php?rest_route=%2Fwp%2Fv2%2Fcategories&post=7321"},{"taxonomy":"post_tag","embeddable":true,"href":"https:\/\/bernhard-fiedler.at\/weblog\/index.php?rest_route=%2Fwp%2Fv2%2Ftags&post=7321"}],"curies":[{"name":"wp","href":"https:\/\/api.w.org\/{rel}","templated":true}]}}