{"id":7269,"date":"2020-12-27T11:27:33","date_gmt":"2020-12-27T10:27:33","guid":{"rendered":"http:\/\/www.bernhard-fiedler.at\/weblog\/?p=7269"},"modified":"2020-12-27T11:27:33","modified_gmt":"2020-12-27T10:27:33","slug":"was-fuer-ein-jahr","status":"publish","type":"post","link":"https:\/\/bernhard-fiedler.at\/weblog\/?p=7269","title":{"rendered":"Was f\u00fcr ein Jahr"},"content":{"rendered":"\n<figure class=\"wp-block-image size-large is-resized\"><img loading=\"lazy\" decoding=\"async\" src=\"https:\/\/bernhard-fiedler.at\/weblog\/wp-content\/uploads\/2020\/12\/Grenzhof-210-1024x683.jpg\" alt=\"\" class=\"wp-image-7273\" width=\"524\" height=\"349\" srcset=\"https:\/\/bernhard-fiedler.at\/weblog\/wp-content\/uploads\/2020\/12\/Grenzhof-210-1024x683.jpg 1024w, https:\/\/bernhard-fiedler.at\/weblog\/wp-content\/uploads\/2020\/12\/Grenzhof-210-300x200.jpg 300w, https:\/\/bernhard-fiedler.at\/weblog\/wp-content\/uploads\/2020\/12\/Grenzhof-210-768x512.jpg 768w, https:\/\/bernhard-fiedler.at\/weblog\/wp-content\/uploads\/2020\/12\/Grenzhof-210-1536x1024.jpg 1536w, https:\/\/bernhard-fiedler.at\/weblog\/wp-content\/uploads\/2020\/12\/Grenzhof-210.jpg 2048w\" sizes=\"auto, (max-width: 524px) 100vw, 524px\" \/><\/figure>\n\n\n\n<p>2020 geht zu Ende, und wohl selten gab es mehr Erleichterung dar\u00fcber, dass ein Jahr endlich vorbei ist. Corona (wenn auch zum Gl\u00fcck bisher ohne Erkrankungen im nahen Umfeld), <a href=\"https:\/\/bernhard-fiedler.at\/weblog\/?p=7175\">Wasserrohrbruch<\/a> und die Auswirkungen der Pandemie gaben in den letzten Monaten keinen Anlass zur Freude.<\/p>\n\n\n\n<p>Zum Gl\u00fcck gibt es 2020 aber auch Wein, und er ist ziemlich gut geworden! Wetter und Reben haben sich dem Negativtrend des Jahres entzogen und uns einen sowohl qualitativ als auch quantitativ sehr zufriedenstellenden Jahrgang beschert.<\/p>\n\n\n\n<p>Nach einem besorgniserregend trockenen Fr\u00fchjahr und einem gerade ausreichend feuchten Sommer ohne gro\u00dfe Hitzewellen und mit vielen relativ k\u00fchlen N\u00e4chten begann die Traubenreife nicht ganz so fr\u00fch, wie mittlerweile \u00fcblich. Die letzten Tage vor der Ernte und die Weinlesezeit waren dann unerwartet warm. Das f\u00fchrte zu einer seltenen Kombination von Fruchtaromatik und Frische mit sehr guter Reife der Trauben.<\/p>\n\n\n\n<p>Die Wei\u00dfweine sind bei solchen Bedingungen nat\u00fcrlich besonders vielversprechend, aber auch mit den Roten bin ich sehr zufrieden. Zwar d\u00fcrften die Blaufr\u00e4nkischen nicht ganz an das Ausnahmejahr 2019 herankommen, aber \u00fcberdurchschnittlich sind sie allemal. Und der heurige Cabernet wird den 2019er sicher \u00fcberfl\u00fcgeln, wenn die Zeit reif ist.<\/p>\n\n\n\n<p><\/p>\n","protected":false},"excerpt":{"rendered":"<p>2020 geht zu Ende, und wohl selten gab es mehr Erleichterung dar\u00fcber, dass ein Jahr endlich vorbei ist. Corona (wenn auch zum Gl\u00fcck bisher ohne Erkrankungen im nahen Umfeld), Wasserrohrbruch und die Auswirkungen der Pandemie gaben in den letzten Monaten keinen Anlass zur Freude. Zum Gl\u00fcck gibt es 2020 aber auch Wein, und er ist &#8230; <a title=\"Was f\u00fcr ein Jahr\" class=\"read-more\" href=\"https:\/\/bernhard-fiedler.at\/weblog\/?p=7269\" aria-label=\"Mehr Informationen \u00fcber Was f\u00fcr ein Jahr\">Weiterlesen<\/a><\/p>\n","protected":false},"author":2,"featured_media":0,"comment_status":"open","ping_status":"open","sticky":false,"template":"","format":"standard","meta":{"footnotes":""},"categories":[4,41],"tags":[],"class_list":["post-7269","post","type-post","status-publish","format-standard","hentry","category-im-keller","category-lese-2020"],"_links":{"self":[{"href":"https:\/\/bernhard-fiedler.at\/weblog\/index.php?rest_route=\/wp\/v2\/posts\/7269","targetHints":{"allow":["GET"]}}],"collection":[{"href":"https:\/\/bernhard-fiedler.at\/weblog\/index.php?rest_route=\/wp\/v2\/posts"}],"about":[{"href":"https:\/\/bernhard-fiedler.at\/weblog\/index.php?rest_route=\/wp\/v2\/types\/post"}],"author":[{"embeddable":true,"href":"https:\/\/bernhard-fiedler.at\/weblog\/index.php?rest_route=\/wp\/v2\/users\/2"}],"replies":[{"embeddable":true,"href":"https:\/\/bernhard-fiedler.at\/weblog\/index.php?rest_route=%2Fwp%2Fv2%2Fcomments&post=7269"}],"version-history":[{"count":5,"href":"https:\/\/bernhard-fiedler.at\/weblog\/index.php?rest_route=\/wp\/v2\/posts\/7269\/revisions"}],"predecessor-version":[{"id":7276,"href":"https:\/\/bernhard-fiedler.at\/weblog\/index.php?rest_route=\/wp\/v2\/posts\/7269\/revisions\/7276"}],"wp:attachment":[{"href":"https:\/\/bernhard-fiedler.at\/weblog\/index.php?rest_route=%2Fwp%2Fv2%2Fmedia&parent=7269"}],"wp:term":[{"taxonomy":"category","embeddable":true,"href":"https:\/\/bernhard-fiedler.at\/weblog\/index.php?rest_route=%2Fwp%2Fv2%2Fcategories&post=7269"},{"taxonomy":"post_tag","embeddable":true,"href":"https:\/\/bernhard-fiedler.at\/weblog\/index.php?rest_route=%2Fwp%2Fv2%2Ftags&post=7269"}],"curies":[{"name":"wp","href":"https:\/\/api.w.org\/{rel}","templated":true}]}}