{"id":7232,"date":"2020-08-23T07:59:53","date_gmt":"2020-08-23T05:59:53","guid":{"rendered":"http:\/\/www.bernhard-fiedler.at\/weblog\/?p=7232"},"modified":"2020-12-27T11:28:30","modified_gmt":"2020-12-27T10:28:30","slug":"ein-sommer-wie-damals","status":"publish","type":"post","link":"https:\/\/bernhard-fiedler.at\/weblog\/?p=7232","title":{"rendered":"Ein Sommer wie damals"},"content":{"rendered":"\n<figure class=\"wp-block-image size-large is-resized\"><img loading=\"lazy\" decoding=\"async\" src=\"https:\/\/bernhard-fiedler.at\/weblog\/wp-content\/uploads\/2020\/08\/20200820_161721_resized-1024x768.jpg\" alt=\"\" class=\"wp-image-7233\" width=\"535\" height=\"401\" srcset=\"https:\/\/bernhard-fiedler.at\/weblog\/wp-content\/uploads\/2020\/08\/20200820_161721_resized-1024x768.jpg 1024w, https:\/\/bernhard-fiedler.at\/weblog\/wp-content\/uploads\/2020\/08\/20200820_161721_resized-300x225.jpg 300w, https:\/\/bernhard-fiedler.at\/weblog\/wp-content\/uploads\/2020\/08\/20200820_161721_resized-768x576.jpg 768w, https:\/\/bernhard-fiedler.at\/weblog\/wp-content\/uploads\/2020\/08\/20200820_161721_resized-1536x1152.jpg 1536w, https:\/\/bernhard-fiedler.at\/weblog\/wp-content\/uploads\/2020\/08\/20200820_161721_resized.jpg 2000w\" sizes=\"auto, (max-width: 535px) 100vw, 535px\" \/><\/figure>\n\n\n\n<p>Der heurige Sommer weckt Erinnerungen an fr\u00fcher. Statt einer Hitzewelle nach der anderen viele sch\u00f6ne, aber nur einzelne wirklich hei\u00dfe Tage. Dazu immer wieder die harmlosen Ausl\u00e4ufer von Gewittern, die den Reben zwar oft, aber nie zu viel Regen beschert haben. Wenn mir jemand im extrem trockenen Fr\u00fchjahr gesagt h\u00e4tte, dass unsere Weing\u00e4rten im August so sch\u00f6n da stehen werden, h\u00e4tte ich sicher ungl\u00e4ubig den Kopf gesch\u00fcttelt.<\/p>\n\n\n\n<p>Der langsame und verh\u00e4ltnism\u00e4\u00dfig sp\u00e4te Reifeverlauf  der Trauben ist mittlerweile so ungewohnt, dass ich bei vielen Kollegen, aber auch bei mir selbst eine gewisse Verunsicherung bemerke, was den Lesetermin betrifft.  Anders als in den letzten Jahren werden wir 2020 nicht von den letzten Arbeiten im Weingarten direkt in die Weinlese stolpern. Sondern voraussichtlich jene zwei bis drei Wochen dazwischen genie\u00dfen d\u00fcrfen, die in den Zeiten vor dem Klimawandel ganz normal waren.<\/p>\n\n\n\n<p>Vielleicht ist das ja eine gewisse Entsch\u00e4digung des heurigen Jahres daf\u00fcr, dass es sonst wenig erfreuliches zu bieten hatte. Keine Wetterkapriolen in den n\u00e4chsten Wochen und gen\u00fcgend Geduld, um die richtige Reife zu erwarten vorausgesetzt, rechne ich mit einem sch\u00f6nen Weinjahrgang 2020.<\/p>\n\n\n\n<p><\/p>\n\n\n\n<p><\/p>\n\n\n\n<p><\/p>\n\n\n\n<p><\/p>\n\n\n\n<p><\/p>\n\n\n\n<p><\/p>\n","protected":false},"excerpt":{"rendered":"<p>Der heurige Sommer weckt Erinnerungen an fr\u00fcher. Statt einer Hitzewelle nach der anderen viele sch\u00f6ne, aber nur einzelne wirklich hei\u00dfe Tage. Dazu immer wieder die harmlosen Ausl\u00e4ufer von Gewittern, die den Reben zwar oft, aber nie zu viel Regen beschert haben. Wenn mir jemand im extrem trockenen Fr\u00fchjahr gesagt h\u00e4tte, dass unsere Weing\u00e4rten im August &#8230; <a title=\"Ein Sommer wie damals\" class=\"read-more\" href=\"https:\/\/bernhard-fiedler.at\/weblog\/?p=7232\" aria-label=\"Mehr Informationen \u00fcber Ein Sommer wie damals\">Weiterlesen<\/a><\/p>\n","protected":false},"author":2,"featured_media":0,"comment_status":"open","ping_status":"open","sticky":false,"template":"","format":"standard","meta":{"footnotes":""},"categories":[3],"tags":[],"class_list":["post-7232","post","type-post","status-publish","format-standard","hentry","category-im-weingarten"],"_links":{"self":[{"href":"https:\/\/bernhard-fiedler.at\/weblog\/index.php?rest_route=\/wp\/v2\/posts\/7232","targetHints":{"allow":["GET"]}}],"collection":[{"href":"https:\/\/bernhard-fiedler.at\/weblog\/index.php?rest_route=\/wp\/v2\/posts"}],"about":[{"href":"https:\/\/bernhard-fiedler.at\/weblog\/index.php?rest_route=\/wp\/v2\/types\/post"}],"author":[{"embeddable":true,"href":"https:\/\/bernhard-fiedler.at\/weblog\/index.php?rest_route=\/wp\/v2\/users\/2"}],"replies":[{"embeddable":true,"href":"https:\/\/bernhard-fiedler.at\/weblog\/index.php?rest_route=%2Fwp%2Fv2%2Fcomments&post=7232"}],"version-history":[{"count":6,"href":"https:\/\/bernhard-fiedler.at\/weblog\/index.php?rest_route=\/wp\/v2\/posts\/7232\/revisions"}],"predecessor-version":[{"id":7278,"href":"https:\/\/bernhard-fiedler.at\/weblog\/index.php?rest_route=\/wp\/v2\/posts\/7232\/revisions\/7278"}],"wp:attachment":[{"href":"https:\/\/bernhard-fiedler.at\/weblog\/index.php?rest_route=%2Fwp%2Fv2%2Fmedia&parent=7232"}],"wp:term":[{"taxonomy":"category","embeddable":true,"href":"https:\/\/bernhard-fiedler.at\/weblog\/index.php?rest_route=%2Fwp%2Fv2%2Fcategories&post=7232"},{"taxonomy":"post_tag","embeddable":true,"href":"https:\/\/bernhard-fiedler.at\/weblog\/index.php?rest_route=%2Fwp%2Fv2%2Ftags&post=7232"}],"curies":[{"name":"wp","href":"https:\/\/api.w.org\/{rel}","templated":true}]}}