{"id":7165,"date":"2020-05-15T09:28:43","date_gmt":"2020-05-15T07:28:43","guid":{"rendered":"http:\/\/www.bernhard-fiedler.at\/weblog\/?p=7165"},"modified":"2020-05-15T09:28:45","modified_gmt":"2020-05-15T07:28:45","slug":"ehrenamt","status":"publish","type":"post","link":"https:\/\/bernhard-fiedler.at\/weblog\/?p=7165","title":{"rendered":"Ehrenamt"},"content":{"rendered":"\n<figure><iframe loading=\"lazy\" src=\"https:\/\/player.vimeo.com\/video\/418508092\" allowfullscreen=\"\" width=\"508\" height=\"300\"><\/iframe><\/figure>\n\n\n\n<p><\/p>\n\n\n\n<p><\/p>\n\n\n\n<p>Seit Generationen hat es in unserer Familie Tradition, sich ehrenamtlich zu engagieren. Dabei reicht(e) das Bet\u00e4tigungsfeld in den vergangenen 100 Jahren von der evangelischen Pfarrgemeinde \u00fcber die freiwillige Feuerwehr, politische \u00c4mter, den M\u00e4nnergesangsverein, die Urbarialgemeinde, die unseren Gemeinschaftswald verwaltet bis zur Interessensvertretung im \u00f6rtlichen und in verschiedenen regionalen Weinbauverb\u00e4nden.<\/p>\n\n\n\n<p>Auch ich versuche seit vielen Jahren einen Beitrag zu unserem Gemeinwesen zu leisten, nicht nur aber vor allem auch im M\u00f6rbischer Weinbauverein. Als langj\u00e4hrigen Obmann (und seit J\u00e4nner nur noch einfaches Vorstandsmitglied) freut es mich besonders, dass uns unter der F\u00fchrung meines Nachfolgers die im Video oben beschriebene Aktion gelungen ist.<\/p>\n\n\n\n<p>Ein Verkostungspaket als Ersatz f\u00fcr abgesagte Tage der offenen Kellert\u00fcr  mag vielleicht nicht sehr spektakul\u00e4r und in Coronazeiten auch nicht besonders innovativ klingen. Man sollte aber die Arbeit, die dahintersteckt, die Koordination zwischen jenen, die sie geleistet haben und den Willen zur Zusammenarbeit aller Beteiligten nicht untersch\u00e4tzen.<\/p>\n\n\n\n<p>Wer die teilnehmenden Weinbauern kennenlernen m\u00f6chte findet auf <a href=\"http:\/\/www.weinausmoerbisch.at\">www.weinausmoerbisch.at<\/a> die Langversion des Vorstellungsvideos. Gleich darunter gibt es Infos zu den Paketen und eine M\u00f6glichkeit zu bestellen&#8230;<\/p>\n\n\n\n<p><\/p>\n","protected":false},"excerpt":{"rendered":"<p>Seit Generationen hat es in unserer Familie Tradition, sich ehrenamtlich zu engagieren. Dabei reicht(e) das Bet\u00e4tigungsfeld in den vergangenen 100 Jahren von der evangelischen Pfarrgemeinde \u00fcber die freiwillige Feuerwehr, politische \u00c4mter, den M\u00e4nnergesangsverein, die Urbarialgemeinde, die unseren Gemeinschaftswald verwaltet bis zur Interessensvertretung im \u00f6rtlichen und in verschiedenen regionalen Weinbauverb\u00e4nden. Auch ich versuche seit vielen Jahren &#8230; <a title=\"Ehrenamt\" class=\"read-more\" href=\"https:\/\/bernhard-fiedler.at\/weblog\/?p=7165\" aria-label=\"Mehr Informationen \u00fcber Ehrenamt\">Weiterlesen<\/a><\/p>\n","protected":false},"author":2,"featured_media":0,"comment_status":"open","ping_status":"open","sticky":false,"template":"","format":"standard","meta":{"footnotes":""},"categories":[1],"tags":[],"class_list":["post-7165","post","type-post","status-publish","format-standard","hentry","category-allgemein"],"_links":{"self":[{"href":"https:\/\/bernhard-fiedler.at\/weblog\/index.php?rest_route=\/wp\/v2\/posts\/7165","targetHints":{"allow":["GET"]}}],"collection":[{"href":"https:\/\/bernhard-fiedler.at\/weblog\/index.php?rest_route=\/wp\/v2\/posts"}],"about":[{"href":"https:\/\/bernhard-fiedler.at\/weblog\/index.php?rest_route=\/wp\/v2\/types\/post"}],"author":[{"embeddable":true,"href":"https:\/\/bernhard-fiedler.at\/weblog\/index.php?rest_route=\/wp\/v2\/users\/2"}],"replies":[{"embeddable":true,"href":"https:\/\/bernhard-fiedler.at\/weblog\/index.php?rest_route=%2Fwp%2Fv2%2Fcomments&post=7165"}],"version-history":[{"count":5,"href":"https:\/\/bernhard-fiedler.at\/weblog\/index.php?rest_route=\/wp\/v2\/posts\/7165\/revisions"}],"predecessor-version":[{"id":7170,"href":"https:\/\/bernhard-fiedler.at\/weblog\/index.php?rest_route=\/wp\/v2\/posts\/7165\/revisions\/7170"}],"wp:attachment":[{"href":"https:\/\/bernhard-fiedler.at\/weblog\/index.php?rest_route=%2Fwp%2Fv2%2Fmedia&parent=7165"}],"wp:term":[{"taxonomy":"category","embeddable":true,"href":"https:\/\/bernhard-fiedler.at\/weblog\/index.php?rest_route=%2Fwp%2Fv2%2Fcategories&post=7165"},{"taxonomy":"post_tag","embeddable":true,"href":"https:\/\/bernhard-fiedler.at\/weblog\/index.php?rest_route=%2Fwp%2Fv2%2Ftags&post=7165"}],"curies":[{"name":"wp","href":"https:\/\/api.w.org\/{rel}","templated":true}]}}