{"id":7112,"date":"2020-02-22T10:37:53","date_gmt":"2020-02-22T09:37:53","guid":{"rendered":"http:\/\/www.bernhard-fiedler.at\/weblog\/?p=7112"},"modified":"2020-02-22T10:37:53","modified_gmt":"2020-02-22T09:37:53","slug":"wieder-frueh-2","status":"publish","type":"post","link":"https:\/\/bernhard-fiedler.at\/weblog\/?p=7112","title":{"rendered":"Wieder fr\u00fch"},"content":{"rendered":"<p><img loading=\"lazy\" decoding=\"async\" class=\"aligncenter wp-image-3741 size-full\" src=\"https:\/\/bernhard-fiedler.at\/weblog\/wp-content\/uploads\/2011\/03\/Mandelbl\u00fcte-bearbeitet.jpg\" alt=\"\" width=\"508\" height=\"350\" srcset=\"https:\/\/bernhard-fiedler.at\/weblog\/wp-content\/uploads\/2011\/03\/Mandelbl\u00fcte-bearbeitet.jpg 508w, https:\/\/bernhard-fiedler.at\/weblog\/wp-content\/uploads\/2011\/03\/Mandelbl\u00fcte-bearbeitet-300x206.jpg 300w\" sizes=\"auto, (max-width: 508px) 100vw, 508px\" \/><\/p>\n<p>Seit ein paar Tagen bl\u00fcht der erste Mandelbaum vor unserer Haust\u00fcr. Bienen wie auf diesem Archivbild habe ich zwar noch nicht beobachtet, aber wenn es so weitergeht, wird es wohl nicht mehr lange dauern.<\/p>\n<p>Das ist zwar nicht ganz so fr\u00fch, wie laut meiner<a href=\"https:\/\/bernhard-fiedler.at\/weblog\/?p=4661\"> Statistik<\/a> 2007, aber immer noch <del>zu fr\u00fch<\/del> fr\u00fch genug. Wenn der M\u00e4rz nicht langsam und nachhaltig k\u00fchler wird und das Erwachen der Reben aus dem Winterschlaf bremst, d\u00fcrfte es wieder ein langes Zittern bis zum Ende der Sp\u00e4tfrostphase Mitte Mai werden.<\/p>\n","protected":false},"excerpt":{"rendered":"<p>Seit ein paar Tagen bl\u00fcht der erste Mandelbaum vor unserer Haust\u00fcr. Bienen wie auf diesem Archivbild habe ich zwar noch nicht beobachtet, aber wenn es so weitergeht, wird es wohl nicht mehr lange dauern. Das ist zwar nicht ganz so fr\u00fch, wie laut meiner Statistik 2007, aber immer noch zu fr\u00fch fr\u00fch genug. Wenn der &#8230; <a title=\"Wieder fr\u00fch\" class=\"read-more\" href=\"https:\/\/bernhard-fiedler.at\/weblog\/?p=7112\" aria-label=\"Mehr Informationen \u00fcber Wieder fr\u00fch\">Weiterlesen<\/a><\/p>\n","protected":false},"author":2,"featured_media":0,"comment_status":"open","ping_status":"open","sticky":false,"template":"","format":"standard","meta":{"footnotes":""},"categories":[8],"tags":[],"class_list":["post-7112","post","type-post","status-publish","format-standard","hentry","category-das-wetter"],"_links":{"self":[{"href":"https:\/\/bernhard-fiedler.at\/weblog\/index.php?rest_route=\/wp\/v2\/posts\/7112","targetHints":{"allow":["GET"]}}],"collection":[{"href":"https:\/\/bernhard-fiedler.at\/weblog\/index.php?rest_route=\/wp\/v2\/posts"}],"about":[{"href":"https:\/\/bernhard-fiedler.at\/weblog\/index.php?rest_route=\/wp\/v2\/types\/post"}],"author":[{"embeddable":true,"href":"https:\/\/bernhard-fiedler.at\/weblog\/index.php?rest_route=\/wp\/v2\/users\/2"}],"replies":[{"embeddable":true,"href":"https:\/\/bernhard-fiedler.at\/weblog\/index.php?rest_route=%2Fwp%2Fv2%2Fcomments&post=7112"}],"version-history":[{"count":3,"href":"https:\/\/bernhard-fiedler.at\/weblog\/index.php?rest_route=\/wp\/v2\/posts\/7112\/revisions"}],"predecessor-version":[{"id":7115,"href":"https:\/\/bernhard-fiedler.at\/weblog\/index.php?rest_route=\/wp\/v2\/posts\/7112\/revisions\/7115"}],"wp:attachment":[{"href":"https:\/\/bernhard-fiedler.at\/weblog\/index.php?rest_route=%2Fwp%2Fv2%2Fmedia&parent=7112"}],"wp:term":[{"taxonomy":"category","embeddable":true,"href":"https:\/\/bernhard-fiedler.at\/weblog\/index.php?rest_route=%2Fwp%2Fv2%2Fcategories&post=7112"},{"taxonomy":"post_tag","embeddable":true,"href":"https:\/\/bernhard-fiedler.at\/weblog\/index.php?rest_route=%2Fwp%2Fv2%2Ftags&post=7112"}],"curies":[{"name":"wp","href":"https:\/\/api.w.org\/{rel}","templated":true}]}}