{"id":7054,"date":"2019-07-16T13:57:28","date_gmt":"2019-07-16T11:57:28","guid":{"rendered":"http:\/\/www.bernhard-fiedler.at\/weblog\/?p=7054"},"modified":"2019-07-16T13:57:28","modified_gmt":"2019-07-16T11:57:28","slug":"im-plan","status":"publish","type":"post","link":"https:\/\/bernhard-fiedler.at\/weblog\/?p=7054","title":{"rendered":"Im Plan"},"content":{"rendered":"<p><img loading=\"lazy\" decoding=\"async\" class=\"aligncenter wp-image-7055\" src=\"https:\/\/bernhard-fiedler.at\/weblog\/wp-content\/uploads\/2019\/07\/Zweigelt-2019.jpg\" alt=\"\" width=\"508\" height=\"286\" srcset=\"https:\/\/bernhard-fiedler.at\/weblog\/wp-content\/uploads\/2019\/07\/Zweigelt-2019.jpg 1500w, https:\/\/bernhard-fiedler.at\/weblog\/wp-content\/uploads\/2019\/07\/Zweigelt-2019-300x169.jpg 300w, https:\/\/bernhard-fiedler.at\/weblog\/wp-content\/uploads\/2019\/07\/Zweigelt-2019-768x432.jpg 768w, https:\/\/bernhard-fiedler.at\/weblog\/wp-content\/uploads\/2019\/07\/Zweigelt-2019-1024x576.jpg 1024w\" sizes=\"auto, (max-width: 508px) 100vw, 508px\" \/><\/p>\n<p>Vier rekordverd\u00e4chtig hei\u00dfe Juni- und zwei ebenso au\u00dfergew\u00f6hnlich k\u00fchle Juliwochen waren wir seit dem letzten <a href=\"https:\/\/bernhard-fiedler.at\/weblog\/?p=7048\">Beitrag<\/a> damit besch\u00e4ftigt, die Triebe unserer Reben dorthin zu bringen, wo\u00a0 wir sie\u00a0 haben wollen. Mittlerweile geht die Kraft der Weinst\u00f6cke vor allem in die Trauben und das Triebwachstum verlangsamt sich, nicht zuletzt auch wegen der Trockenheit.<\/p>\n<p>In den Weing\u00e4rten beginnt jetzt der &#8222;Feinschliff&#8220;. Vor allem bei den Rotweinsorten werden Bl\u00e4tter entfernt, um den Trauben mehr Luft (aber nicht unbedingt direkte Sonnenbestrahlung) zu verschaffen, und dort wo notwendig haben wir auch schon mit dem Ausd\u00fcnnen des Traubenbehanges begonnen.<\/p>\n<p>Dabei habe ich heute beim Zweigelt in der Ried Haderwald auch die allerersten blauen, besser gesagt rosaroten Beeren gefunden. Damit liegen wir trotz sp\u00e4terer Bl\u00fcte als in diesen Jahren etwa gleichauf mit 2002, 2008, 2009, 2011, 2014 und 2017, also zwei Wochen sp\u00e4ter als der Rekordhalter 2018.<\/p>\n<p>Ein Weinlesebeginn in der ersten, allersp\u00e4testens zweiten Septemberwoche ist statistisch sehr wahrscheinlich, auch wenn in denn kommenden zwei Monaten nat\u00fcrlich noch viel passieren kann.<\/p>\n","protected":false},"excerpt":{"rendered":"<p>Vier rekordverd\u00e4chtig hei\u00dfe Juni- und zwei ebenso au\u00dfergew\u00f6hnlich k\u00fchle Juliwochen waren wir seit dem letzten Beitrag damit besch\u00e4ftigt, die Triebe unserer Reben dorthin zu bringen, wo\u00a0 wir sie\u00a0 haben wollen. Mittlerweile geht die Kraft der Weinst\u00f6cke vor allem in die Trauben und das Triebwachstum verlangsamt sich, nicht zuletzt auch wegen der Trockenheit. In den Weing\u00e4rten &#8230; <a title=\"Im Plan\" class=\"read-more\" href=\"https:\/\/bernhard-fiedler.at\/weblog\/?p=7054\" aria-label=\"Mehr Informationen \u00fcber Im Plan\">Weiterlesen<\/a><\/p>\n","protected":false},"author":2,"featured_media":0,"comment_status":"open","ping_status":"open","sticky":false,"template":"","format":"standard","meta":{"footnotes":""},"categories":[3],"tags":[],"class_list":["post-7054","post","type-post","status-publish","format-standard","hentry","category-im-weingarten"],"_links":{"self":[{"href":"https:\/\/bernhard-fiedler.at\/weblog\/index.php?rest_route=\/wp\/v2\/posts\/7054","targetHints":{"allow":["GET"]}}],"collection":[{"href":"https:\/\/bernhard-fiedler.at\/weblog\/index.php?rest_route=\/wp\/v2\/posts"}],"about":[{"href":"https:\/\/bernhard-fiedler.at\/weblog\/index.php?rest_route=\/wp\/v2\/types\/post"}],"author":[{"embeddable":true,"href":"https:\/\/bernhard-fiedler.at\/weblog\/index.php?rest_route=\/wp\/v2\/users\/2"}],"replies":[{"embeddable":true,"href":"https:\/\/bernhard-fiedler.at\/weblog\/index.php?rest_route=%2Fwp%2Fv2%2Fcomments&post=7054"}],"version-history":[{"count":2,"href":"https:\/\/bernhard-fiedler.at\/weblog\/index.php?rest_route=\/wp\/v2\/posts\/7054\/revisions"}],"predecessor-version":[{"id":7057,"href":"https:\/\/bernhard-fiedler.at\/weblog\/index.php?rest_route=\/wp\/v2\/posts\/7054\/revisions\/7057"}],"wp:attachment":[{"href":"https:\/\/bernhard-fiedler.at\/weblog\/index.php?rest_route=%2Fwp%2Fv2%2Fmedia&parent=7054"}],"wp:term":[{"taxonomy":"category","embeddable":true,"href":"https:\/\/bernhard-fiedler.at\/weblog\/index.php?rest_route=%2Fwp%2Fv2%2Fcategories&post=7054"},{"taxonomy":"post_tag","embeddable":true,"href":"https:\/\/bernhard-fiedler.at\/weblog\/index.php?rest_route=%2Fwp%2Fv2%2Ftags&post=7054"}],"curies":[{"name":"wp","href":"https:\/\/api.w.org\/{rel}","templated":true}]}}