{"id":7041,"date":"2019-04-19T17:31:44","date_gmt":"2019-04-19T15:31:44","guid":{"rendered":"http:\/\/www.bernhard-fiedler.at\/weblog\/?p=7041"},"modified":"2019-04-19T17:31:44","modified_gmt":"2019-04-19T15:31:44","slug":"warten-und-bangen","status":"publish","type":"post","link":"https:\/\/bernhard-fiedler.at\/weblog\/?p=7041","title":{"rendered":"Warten und bangen"},"content":{"rendered":"<p><img loading=\"lazy\" decoding=\"async\" class=\"aligncenter wp-image-7042\" src=\"https:\/\/bernhard-fiedler.at\/weblog\/wp-content\/uploads\/2019\/04\/Goldberg-April-2019-1.jpg\" alt=\"\" width=\"508\" height=\"261\" srcset=\"https:\/\/bernhard-fiedler.at\/weblog\/wp-content\/uploads\/2019\/04\/Goldberg-April-2019-1.jpg 3020w, https:\/\/bernhard-fiedler.at\/weblog\/wp-content\/uploads\/2019\/04\/Goldberg-April-2019-1-300x154.jpg 300w, https:\/\/bernhard-fiedler.at\/weblog\/wp-content\/uploads\/2019\/04\/Goldberg-April-2019-1-768x395.jpg 768w, https:\/\/bernhard-fiedler.at\/weblog\/wp-content\/uploads\/2019\/04\/Goldberg-April-2019-1-1024x526.jpg 1024w\" sizes=\"auto, (max-width: 508px) 100vw, 508px\" \/><\/p>\n<p>Auch heuer sind die Reben wieder fr\u00fch aus dem Winterschlaf erwacht. Mittlerweile muss man dabei aber wohl eher von der Normalit\u00e4t als vom Au\u00dfergew\u00f6hnlichen ausgehen. Jetzt hei\u00dft es warten und bangen.<\/p>\n<p>Warten auf die n\u00e4chsten Arbeiten nach Rebschnitt und Binden der Fruchtruten. Das Wegbrechen von unerw\u00fcnschten Trieben, das Einstricken der verbliebenen in den Drahtrahmen. Und bangen, ob die Temperatur bis Mitte Mai nicht doch vielleicht noch einmal unter den Gefrierpunkt sinkt.<\/p>\n<p>Dienstag dieser Woche war es beinahe soweit, aber zum Gl\u00fcck waren es dann doch plus zwei Grad und die Reben sind jetzt auch noch klein genug, um leichte Minusgrade auszuhalten. Mit jedem sch\u00f6nen Fr\u00fchlingstag, der die Reben weiter aus ihren Knospen lockt steigt aber die Gefahr.<\/p>\n<p>Bis die jungen Triebe gro\u00df genug f\u00fcr die ersten Laubarbeiten sind k\u00fcmmern wir uns um den Boden. Unter den St\u00f6cken wird die Erde, die wir dort im Herbst angeh\u00e4uft haben entfernt, und zwischen den Reihen lockern wir die Begr\u00fcnung auf, ohne sie allerdings umzubrechen.<\/p>\n<p><img loading=\"lazy\" decoding=\"async\" class=\"aligncenter wp-image-7043\" src=\"https:\/\/bernhard-fiedler.at\/weblog\/wp-content\/uploads\/2019\/04\/Goldberg-April-2019-2.jpg\" alt=\"\" width=\"508\" height=\"286\" srcset=\"https:\/\/bernhard-fiedler.at\/weblog\/wp-content\/uploads\/2019\/04\/Goldberg-April-2019-2.jpg 3840w, https:\/\/bernhard-fiedler.at\/weblog\/wp-content\/uploads\/2019\/04\/Goldberg-April-2019-2-300x169.jpg 300w, https:\/\/bernhard-fiedler.at\/weblog\/wp-content\/uploads\/2019\/04\/Goldberg-April-2019-2-768x432.jpg 768w, https:\/\/bernhard-fiedler.at\/weblog\/wp-content\/uploads\/2019\/04\/Goldberg-April-2019-2-1024x576.jpg 1024w\" sizes=\"auto, (max-width: 508px) 100vw, 508px\" \/><\/p>\n<p>sdfgs<\/p>\n","protected":false},"excerpt":{"rendered":"<p>Auch heuer sind die Reben wieder fr\u00fch aus dem Winterschlaf erwacht. Mittlerweile muss man dabei aber wohl eher von der Normalit\u00e4t als vom Au\u00dfergew\u00f6hnlichen ausgehen. Jetzt hei\u00dft es warten und bangen. Warten auf die n\u00e4chsten Arbeiten nach Rebschnitt und Binden der Fruchtruten. Das Wegbrechen von unerw\u00fcnschten Trieben, das Einstricken der verbliebenen in den Drahtrahmen. Und &#8230; <a title=\"Warten und bangen\" class=\"read-more\" href=\"https:\/\/bernhard-fiedler.at\/weblog\/?p=7041\" aria-label=\"Mehr Informationen \u00fcber Warten und bangen\">Weiterlesen<\/a><\/p>\n","protected":false},"author":2,"featured_media":0,"comment_status":"open","ping_status":"open","sticky":false,"template":"","format":"standard","meta":{"footnotes":""},"categories":[3],"tags":[],"class_list":["post-7041","post","type-post","status-publish","format-standard","hentry","category-im-weingarten"],"_links":{"self":[{"href":"https:\/\/bernhard-fiedler.at\/weblog\/index.php?rest_route=\/wp\/v2\/posts\/7041","targetHints":{"allow":["GET"]}}],"collection":[{"href":"https:\/\/bernhard-fiedler.at\/weblog\/index.php?rest_route=\/wp\/v2\/posts"}],"about":[{"href":"https:\/\/bernhard-fiedler.at\/weblog\/index.php?rest_route=\/wp\/v2\/types\/post"}],"author":[{"embeddable":true,"href":"https:\/\/bernhard-fiedler.at\/weblog\/index.php?rest_route=\/wp\/v2\/users\/2"}],"replies":[{"embeddable":true,"href":"https:\/\/bernhard-fiedler.at\/weblog\/index.php?rest_route=%2Fwp%2Fv2%2Fcomments&post=7041"}],"version-history":[{"count":3,"href":"https:\/\/bernhard-fiedler.at\/weblog\/index.php?rest_route=\/wp\/v2\/posts\/7041\/revisions"}],"predecessor-version":[{"id":7046,"href":"https:\/\/bernhard-fiedler.at\/weblog\/index.php?rest_route=\/wp\/v2\/posts\/7041\/revisions\/7046"}],"wp:attachment":[{"href":"https:\/\/bernhard-fiedler.at\/weblog\/index.php?rest_route=%2Fwp%2Fv2%2Fmedia&parent=7041"}],"wp:term":[{"taxonomy":"category","embeddable":true,"href":"https:\/\/bernhard-fiedler.at\/weblog\/index.php?rest_route=%2Fwp%2Fv2%2Fcategories&post=7041"},{"taxonomy":"post_tag","embeddable":true,"href":"https:\/\/bernhard-fiedler.at\/weblog\/index.php?rest_route=%2Fwp%2Fv2%2Ftags&post=7041"}],"curies":[{"name":"wp","href":"https:\/\/api.w.org\/{rel}","templated":true}]}}