{"id":7023,"date":"2019-03-12T21:02:48","date_gmt":"2019-03-12T20:02:48","guid":{"rendered":"http:\/\/www.bernhard-fiedler.at\/weblog\/?p=7023"},"modified":"2019-03-12T21:02:48","modified_gmt":"2019-03-12T20:02:48","slug":"schlechtes-wetter","status":"publish","type":"post","link":"https:\/\/bernhard-fiedler.at\/weblog\/?p=7023","title":{"rendered":"Schlechtes Wetter"},"content":{"rendered":"<p><img loading=\"lazy\" decoding=\"async\" class=\"aligncenter size-full wp-image-7025\" src=\"https:\/\/bernhard-fiedler.at\/weblog\/wp-content\/uploads\/2019\/03\/Goldberg-Sp\u00e4twinter.jpg\" alt=\"\" width=\"508\" height=\"300\" srcset=\"https:\/\/bernhard-fiedler.at\/weblog\/wp-content\/uploads\/2019\/03\/Goldberg-Sp\u00e4twinter.jpg 508w, https:\/\/bernhard-fiedler.at\/weblog\/wp-content\/uploads\/2019\/03\/Goldberg-Sp\u00e4twinter-300x177.jpg 300w\" sizes=\"auto, (max-width: 508px) 100vw, 508px\" \/><\/p>\n<p>Eigentlich m\u00fcsste ich es besser wissen, ist der Bezug der meisten Menschen zur Natur doch sehr gering geworden und sind doch nur mehr weniger als f\u00fcnf Prozent der Erwerbst\u00e4tigen in der Landwirtschaft t\u00e4tig. Trotzdem verwundert es mich immer wieder, wenn sich jemand \u00fcber 20\u00b0C im Februar freut, und auch nach Wochen ausgepr\u00e4gter Trockenheit \u00fcber ein paar Regentropfen \u00e4rgert.<\/p>\n<p>Fassungslos bemerke ich dann jedes Mal aufs Neue, wie ich-bezogen die meisten Menschen beim Wetter sind, wie wenige Gedanken sie sich \u00fcber die nat\u00fcrlichen Zusammenh\u00e4nge machen. Und wie wenige \u00fcber uns Bauern, die wir von und mit der Natur auch f\u00fcr sie Brot, Wein und mehr liefern.<\/p>\n<p>Das ist \u00fcbrigens kein Jammern \u00fcber die aktuelle Trockenheit und den sich andeutenden (zu) fr\u00fchen Austrieb, denn <a href=\"https:\/\/bernhard-fiedler.at\/weblog\/?p=5451\">ich jammere nicht<\/a>. Es ist lediglich der Versuch darauf hinzuweisen, dass Sommertemperaturen von M\u00e4rz bis November und andauernder Sonnenschein ohne einen Tropfen Regen kein gutes Wetter sind.<\/p>\n","protected":false},"excerpt":{"rendered":"<p>Eigentlich m\u00fcsste ich es besser wissen, ist der Bezug der meisten Menschen zur Natur doch sehr gering geworden und sind doch nur mehr weniger als f\u00fcnf Prozent der Erwerbst\u00e4tigen in der Landwirtschaft t\u00e4tig. Trotzdem verwundert es mich immer wieder, wenn sich jemand \u00fcber 20\u00b0C im Februar freut, und auch nach Wochen ausgepr\u00e4gter Trockenheit \u00fcber ein &#8230; <a title=\"Schlechtes Wetter\" class=\"read-more\" href=\"https:\/\/bernhard-fiedler.at\/weblog\/?p=7023\" aria-label=\"Mehr Informationen \u00fcber Schlechtes Wetter\">Weiterlesen<\/a><\/p>\n","protected":false},"author":2,"featured_media":0,"comment_status":"open","ping_status":"open","sticky":false,"template":"","format":"standard","meta":{"footnotes":""},"categories":[8],"tags":[],"class_list":["post-7023","post","type-post","status-publish","format-standard","hentry","category-das-wetter"],"_links":{"self":[{"href":"https:\/\/bernhard-fiedler.at\/weblog\/index.php?rest_route=\/wp\/v2\/posts\/7023","targetHints":{"allow":["GET"]}}],"collection":[{"href":"https:\/\/bernhard-fiedler.at\/weblog\/index.php?rest_route=\/wp\/v2\/posts"}],"about":[{"href":"https:\/\/bernhard-fiedler.at\/weblog\/index.php?rest_route=\/wp\/v2\/types\/post"}],"author":[{"embeddable":true,"href":"https:\/\/bernhard-fiedler.at\/weblog\/index.php?rest_route=\/wp\/v2\/users\/2"}],"replies":[{"embeddable":true,"href":"https:\/\/bernhard-fiedler.at\/weblog\/index.php?rest_route=%2Fwp%2Fv2%2Fcomments&post=7023"}],"version-history":[{"count":4,"href":"https:\/\/bernhard-fiedler.at\/weblog\/index.php?rest_route=\/wp\/v2\/posts\/7023\/revisions"}],"predecessor-version":[{"id":7028,"href":"https:\/\/bernhard-fiedler.at\/weblog\/index.php?rest_route=\/wp\/v2\/posts\/7023\/revisions\/7028"}],"wp:attachment":[{"href":"https:\/\/bernhard-fiedler.at\/weblog\/index.php?rest_route=%2Fwp%2Fv2%2Fmedia&parent=7023"}],"wp:term":[{"taxonomy":"category","embeddable":true,"href":"https:\/\/bernhard-fiedler.at\/weblog\/index.php?rest_route=%2Fwp%2Fv2%2Fcategories&post=7023"},{"taxonomy":"post_tag","embeddable":true,"href":"https:\/\/bernhard-fiedler.at\/weblog\/index.php?rest_route=%2Fwp%2Fv2%2Ftags&post=7023"}],"curies":[{"name":"wp","href":"https:\/\/api.w.org\/{rel}","templated":true}]}}