{"id":6656,"date":"2017-04-15T20:11:08","date_gmt":"2017-04-15T18:11:08","guid":{"rendered":"http:\/\/www.bernhard-fiedler.at\/weblog\/?p=6656"},"modified":"2017-04-15T20:11:08","modified_gmt":"2017-04-15T18:11:08","slug":"das-grosse-zittern","status":"publish","type":"post","link":"https:\/\/bernhard-fiedler.at\/weblog\/?p=6656","title":{"rendered":"Das gro\u00dfe Zittern"},"content":{"rendered":"<p><img loading=\"lazy\" decoding=\"async\" class=\"aligncenter wp-image-6657\" src=\"https:\/\/bernhard-fiedler.at\/weblog\/wp-content\/uploads\/2017\/04\/Das-gro\u00dfe-Zittern.jpg\" width=\"508\" height=\"239\" srcset=\"https:\/\/bernhard-fiedler.at\/weblog\/wp-content\/uploads\/2017\/04\/Das-gro\u00dfe-Zittern.jpg 776w, https:\/\/bernhard-fiedler.at\/weblog\/wp-content\/uploads\/2017\/04\/Das-gro\u00dfe-Zittern-300x141.jpg 300w, https:\/\/bernhard-fiedler.at\/weblog\/wp-content\/uploads\/2017\/04\/Das-gro\u00dfe-Zittern-768x361.jpg 768w\" sizes=\"auto, (max-width: 508px) 100vw, 508px\" \/><\/p>\n<p>Wenn die Meteorologen Recht behalten, steht uns in den n\u00e4chsten Tagen ein \u00e4hnliches Wetterph\u00e4nomen bevor, das uns im Vorjahr ein Drittel der Ernte gekostet hat. Arktische Kaltluft str\u00f6mt bis nach Mitteleuropa und k\u00f6nnte uns mit Temperaturen unter dem Gefrierpunkt erneut Sp\u00e4tfrostsch\u00e4den bescheren.<\/p>\n<p>Wie oft haben wir schon auf Regen gehofft, obwohl Trockenheit prognostiziert war. Wie oft schon auf eine Sch\u00f6nwetterphase trotz nachhaltiger Regenfronten. So sehr wie jetzt habe ich mir aber noch nie gew\u00fcnscht, dass die Meteorologen irren&#8230;<\/p>\n","protected":false},"excerpt":{"rendered":"<p>Wenn die Meteorologen Recht behalten, steht uns in den n\u00e4chsten Tagen ein \u00e4hnliches Wetterph\u00e4nomen bevor, das uns im Vorjahr ein Drittel der Ernte gekostet hat. Arktische Kaltluft str\u00f6mt bis nach Mitteleuropa und k\u00f6nnte uns mit Temperaturen unter dem Gefrierpunkt erneut Sp\u00e4tfrostsch\u00e4den bescheren. Wie oft haben wir schon auf Regen gehofft, obwohl Trockenheit prognostiziert war. Wie &#8230; <a title=\"Das gro\u00dfe Zittern\" class=\"read-more\" href=\"https:\/\/bernhard-fiedler.at\/weblog\/?p=6656\" aria-label=\"Mehr Informationen \u00fcber Das gro\u00dfe Zittern\">Weiterlesen<\/a><\/p>\n","protected":false},"author":2,"featured_media":0,"comment_status":"open","ping_status":"open","sticky":false,"template":"","format":"standard","meta":{"footnotes":""},"categories":[8],"tags":[],"class_list":["post-6656","post","type-post","status-publish","format-standard","hentry","category-das-wetter"],"_links":{"self":[{"href":"https:\/\/bernhard-fiedler.at\/weblog\/index.php?rest_route=\/wp\/v2\/posts\/6656","targetHints":{"allow":["GET"]}}],"collection":[{"href":"https:\/\/bernhard-fiedler.at\/weblog\/index.php?rest_route=\/wp\/v2\/posts"}],"about":[{"href":"https:\/\/bernhard-fiedler.at\/weblog\/index.php?rest_route=\/wp\/v2\/types\/post"}],"author":[{"embeddable":true,"href":"https:\/\/bernhard-fiedler.at\/weblog\/index.php?rest_route=\/wp\/v2\/users\/2"}],"replies":[{"embeddable":true,"href":"https:\/\/bernhard-fiedler.at\/weblog\/index.php?rest_route=%2Fwp%2Fv2%2Fcomments&post=6656"}],"version-history":[{"count":3,"href":"https:\/\/bernhard-fiedler.at\/weblog\/index.php?rest_route=\/wp\/v2\/posts\/6656\/revisions"}],"predecessor-version":[{"id":6660,"href":"https:\/\/bernhard-fiedler.at\/weblog\/index.php?rest_route=\/wp\/v2\/posts\/6656\/revisions\/6660"}],"wp:attachment":[{"href":"https:\/\/bernhard-fiedler.at\/weblog\/index.php?rest_route=%2Fwp%2Fv2%2Fmedia&parent=6656"}],"wp:term":[{"taxonomy":"category","embeddable":true,"href":"https:\/\/bernhard-fiedler.at\/weblog\/index.php?rest_route=%2Fwp%2Fv2%2Fcategories&post=6656"},{"taxonomy":"post_tag","embeddable":true,"href":"https:\/\/bernhard-fiedler.at\/weblog\/index.php?rest_route=%2Fwp%2Fv2%2Ftags&post=6656"}],"curies":[{"name":"wp","href":"https:\/\/api.w.org\/{rel}","templated":true}]}}