{"id":6649,"date":"2017-04-01T08:04:54","date_gmt":"2017-04-01T06:04:54","guid":{"rendered":"http:\/\/www.bernhard-fiedler.at\/weblog\/?p=6649"},"modified":"2017-04-01T08:05:56","modified_gmt":"2017-04-01T06:05:56","slug":"auf-ein-neues","status":"publish","type":"post","link":"https:\/\/bernhard-fiedler.at\/weblog\/?p=6649","title":{"rendered":"Auf ein Neues"},"content":{"rendered":"<p><img loading=\"lazy\" decoding=\"async\" class=\"aligncenter wp-image-6650\" src=\"https:\/\/bernhard-fiedler.at\/weblog\/wp-content\/uploads\/2017\/04\/Storch-2017.jpg\" width=\"508\" height=\"300\" srcset=\"https:\/\/bernhard-fiedler.at\/weblog\/wp-content\/uploads\/2017\/04\/Storch-2017.jpg 2298w, https:\/\/bernhard-fiedler.at\/weblog\/wp-content\/uploads\/2017\/04\/Storch-2017-300x177.jpg 300w, https:\/\/bernhard-fiedler.at\/weblog\/wp-content\/uploads\/2017\/04\/Storch-2017-768x453.jpg 768w, https:\/\/bernhard-fiedler.at\/weblog\/wp-content\/uploads\/2017\/04\/Storch-2017-1024x604.jpg 1024w\" sizes=\"auto, (max-width: 508px) 100vw, 508px\" \/><\/p>\n<p>Der Fr\u00fchling ist da, und wie fast immer in den letzten Jahren ziemlich abrupt. Nur wenige Wochen nach den letzten Eisschollen am Neusiedlersee verzeichneten die Wetterstatistiker bereits den ersten Sommertag (d.h. Temperaturen \u00fcber 25\u00b0C).<\/p>\n<p>Mitte M\u00e4rz &#8211; im Vergleich mit anderen Jahren gar nicht besonders fr\u00fch &#8211; haben sich die ersten Mandelbl\u00fcten ge\u00f6ffnet, und die St\u00f6rche sind aus den Winterferien zur\u00fcckgekehrt.<\/p>\n<p>Einer von ihnen lie\u00df sich gestern die Chance auf frisch aus der Erde gesch\u00e4lte K\u00e4fer und W\u00fcrmer nicht entgehen und besuchte mich bei der Bodenbearbeitung in der Ried Birnhaide.<\/p>\n","protected":false},"excerpt":{"rendered":"<p>Der Fr\u00fchling ist da, und wie fast immer in den letzten Jahren ziemlich abrupt. Nur wenige Wochen nach den letzten Eisschollen am Neusiedlersee verzeichneten die Wetterstatistiker bereits den ersten Sommertag (d.h. Temperaturen \u00fcber 25\u00b0C). Mitte M\u00e4rz &#8211; im Vergleich mit anderen Jahren gar nicht besonders fr\u00fch &#8211; haben sich die ersten Mandelbl\u00fcten ge\u00f6ffnet, und die &#8230; <a title=\"Auf ein Neues\" class=\"read-more\" href=\"https:\/\/bernhard-fiedler.at\/weblog\/?p=6649\" aria-label=\"Mehr Informationen \u00fcber Auf ein Neues\">Weiterlesen<\/a><\/p>\n","protected":false},"author":2,"featured_media":0,"comment_status":"open","ping_status":"open","sticky":false,"template":"","format":"standard","meta":{"footnotes":""},"categories":[8],"tags":[],"class_list":["post-6649","post","type-post","status-publish","format-standard","hentry","category-das-wetter"],"_links":{"self":[{"href":"https:\/\/bernhard-fiedler.at\/weblog\/index.php?rest_route=\/wp\/v2\/posts\/6649","targetHints":{"allow":["GET"]}}],"collection":[{"href":"https:\/\/bernhard-fiedler.at\/weblog\/index.php?rest_route=\/wp\/v2\/posts"}],"about":[{"href":"https:\/\/bernhard-fiedler.at\/weblog\/index.php?rest_route=\/wp\/v2\/types\/post"}],"author":[{"embeddable":true,"href":"https:\/\/bernhard-fiedler.at\/weblog\/index.php?rest_route=\/wp\/v2\/users\/2"}],"replies":[{"embeddable":true,"href":"https:\/\/bernhard-fiedler.at\/weblog\/index.php?rest_route=%2Fwp%2Fv2%2Fcomments&post=6649"}],"version-history":[{"count":4,"href":"https:\/\/bernhard-fiedler.at\/weblog\/index.php?rest_route=\/wp\/v2\/posts\/6649\/revisions"}],"predecessor-version":[{"id":6654,"href":"https:\/\/bernhard-fiedler.at\/weblog\/index.php?rest_route=\/wp\/v2\/posts\/6649\/revisions\/6654"}],"wp:attachment":[{"href":"https:\/\/bernhard-fiedler.at\/weblog\/index.php?rest_route=%2Fwp%2Fv2%2Fmedia&parent=6649"}],"wp:term":[{"taxonomy":"category","embeddable":true,"href":"https:\/\/bernhard-fiedler.at\/weblog\/index.php?rest_route=%2Fwp%2Fv2%2Fcategories&post=6649"},{"taxonomy":"post_tag","embeddable":true,"href":"https:\/\/bernhard-fiedler.at\/weblog\/index.php?rest_route=%2Fwp%2Fv2%2Ftags&post=6649"}],"curies":[{"name":"wp","href":"https:\/\/api.w.org\/{rel}","templated":true}]}}