{"id":6646,"date":"2017-03-16T07:29:16","date_gmt":"2017-03-16T06:29:16","guid":{"rendered":"http:\/\/www.bernhard-fiedler.at\/weblog\/?p=6646"},"modified":"2017-03-16T07:29:16","modified_gmt":"2017-03-16T06:29:16","slug":"spaetfrostfolgen-3","status":"publish","type":"post","link":"https:\/\/bernhard-fiedler.at\/weblog\/?p=6646","title":{"rendered":"Sp\u00e4tfrostfolgen (3)"},"content":{"rendered":"<p><img loading=\"lazy\" decoding=\"async\" class=\"aligncenter wp-image-6421\" src=\"https:\/\/bernhard-fiedler.at\/weblog\/wp-content\/uploads\/2016\/04\/Sp\u00e4tfrost.jpg\" width=\"508\" height=\"305\" srcset=\"https:\/\/bernhard-fiedler.at\/weblog\/wp-content\/uploads\/2016\/04\/Sp\u00e4tfrost.jpg 2560w, https:\/\/bernhard-fiedler.at\/weblog\/wp-content\/uploads\/2016\/04\/Sp\u00e4tfrost-300x180.jpg 300w, https:\/\/bernhard-fiedler.at\/weblog\/wp-content\/uploads\/2016\/04\/Sp\u00e4tfrost-768x461.jpg 768w, https:\/\/bernhard-fiedler.at\/weblog\/wp-content\/uploads\/2016\/04\/Sp\u00e4tfrost-1024x614.jpg 1024w\" sizes=\"auto, (max-width: 508px) 100vw, 508px\" \/><\/p>\n<p>Seit kurzem ist die <a href=\"http:\/\/www.statistik.at\/web_de\/statistiken\/wirtschaft\/land_und_forstwirtschaft\/agrarstruktur_flaechen_ertraege\/wein\/111690.html\">Erntestatistik 2016 online<\/a>. Sie beruht auf den Erntemeldungen, die jeder Weinbaubetrieb als Grundlage seiner Kellerbuchf\u00fchrung abgeben muss.<\/p>\n<p>Mit 1,95 Millionen Hektolitern \u00f6sterreichweit liegt der Jahrgang 2016 um ca. 14 Prozent unter seinem Vorg\u00e4nger 2015 und rund 16 Prozent unter dem F\u00fcnfjahresschnitt von 2011 bis 2015.<\/p>\n<p>Das mag harmlos erscheinen, aber wie so oft liegt der Teufel im Detail. W\u00e4hrend die nieder\u00f6sterreichischen Gebiete (trotz deutlicher Ausf\u00e4lle in der Wachau, der Thermenregion und Carnuntum) insgesamt sogar um 11 Prozent mehr\u00a0als 2015 ernten konnte, sieht es bei uns im Burgenland und in der Steiermark dramatisch anders aus.<\/p>\n<p>Das Burgenland hat Verluste von rund 50 Prozent gegen\u00fcber 2015 zu verzeichnen, die Steiermark sogar gut 60 Prozent. Da sind wir mit unseren gut 30 Prozent ja noch fast glimpflich davongekommen&#8230;<\/p>\n","protected":false},"excerpt":{"rendered":"<p>Seit kurzem ist die Erntestatistik 2016 online. Sie beruht auf den Erntemeldungen, die jeder Weinbaubetrieb als Grundlage seiner Kellerbuchf\u00fchrung abgeben muss. Mit 1,95 Millionen Hektolitern \u00f6sterreichweit liegt der Jahrgang 2016 um ca. 14 Prozent unter seinem Vorg\u00e4nger 2015 und rund 16 Prozent unter dem F\u00fcnfjahresschnitt von 2011 bis 2015. Das mag harmlos erscheinen, aber wie &#8230; <a title=\"Sp\u00e4tfrostfolgen (3)\" class=\"read-more\" href=\"https:\/\/bernhard-fiedler.at\/weblog\/?p=6646\" aria-label=\"Mehr Informationen \u00fcber Sp\u00e4tfrostfolgen (3)\">Weiterlesen<\/a><\/p>\n","protected":false},"author":2,"featured_media":0,"comment_status":"open","ping_status":"open","sticky":false,"template":"","format":"standard","meta":{"footnotes":""},"categories":[5],"tags":[],"class_list":["post-6646","post","type-post","status-publish","format-standard","hentry","category-in-den-weinmedien"],"_links":{"self":[{"href":"https:\/\/bernhard-fiedler.at\/weblog\/index.php?rest_route=\/wp\/v2\/posts\/6646","targetHints":{"allow":["GET"]}}],"collection":[{"href":"https:\/\/bernhard-fiedler.at\/weblog\/index.php?rest_route=\/wp\/v2\/posts"}],"about":[{"href":"https:\/\/bernhard-fiedler.at\/weblog\/index.php?rest_route=\/wp\/v2\/types\/post"}],"author":[{"embeddable":true,"href":"https:\/\/bernhard-fiedler.at\/weblog\/index.php?rest_route=\/wp\/v2\/users\/2"}],"replies":[{"embeddable":true,"href":"https:\/\/bernhard-fiedler.at\/weblog\/index.php?rest_route=%2Fwp%2Fv2%2Fcomments&post=6646"}],"version-history":[{"count":1,"href":"https:\/\/bernhard-fiedler.at\/weblog\/index.php?rest_route=\/wp\/v2\/posts\/6646\/revisions"}],"predecessor-version":[{"id":6647,"href":"https:\/\/bernhard-fiedler.at\/weblog\/index.php?rest_route=\/wp\/v2\/posts\/6646\/revisions\/6647"}],"wp:attachment":[{"href":"https:\/\/bernhard-fiedler.at\/weblog\/index.php?rest_route=%2Fwp%2Fv2%2Fmedia&parent=6646"}],"wp:term":[{"taxonomy":"category","embeddable":true,"href":"https:\/\/bernhard-fiedler.at\/weblog\/index.php?rest_route=%2Fwp%2Fv2%2Fcategories&post=6646"},{"taxonomy":"post_tag","embeddable":true,"href":"https:\/\/bernhard-fiedler.at\/weblog\/index.php?rest_route=%2Fwp%2Fv2%2Ftags&post=6646"}],"curies":[{"name":"wp","href":"https:\/\/api.w.org\/{rel}","templated":true}]}}