{"id":6260,"date":"2015-10-04T20:08:17","date_gmt":"2015-10-04T18:08:17","guid":{"rendered":"http:\/\/www.bernhard-fiedler.at\/weblog\/?p=6260"},"modified":"2015-10-04T20:08:17","modified_gmt":"2015-10-04T18:08:17","slug":"jahrgangsbeobachtungen-1","status":"publish","type":"post","link":"https:\/\/bernhard-fiedler.at\/weblog\/?p=6260","title":{"rendered":"Jahrgangsbeobachtungen (1)"},"content":{"rendered":"<p><img loading=\"lazy\" decoding=\"async\" class=\"size-full wp-image-6261\" src=\"https:\/\/bernhard-fiedler.at\/weblog\/wp-content\/uploads\/2015\/10\/Hamader-1.jpg\" alt=\"Hamader 1\" width=\"508\" height=\"372\" srcset=\"https:\/\/bernhard-fiedler.at\/weblog\/wp-content\/uploads\/2015\/10\/Hamader-1.jpg 508w, https:\/\/bernhard-fiedler.at\/weblog\/wp-content\/uploads\/2015\/10\/Hamader-1-300x220.jpg 300w\" sizes=\"auto, (max-width: 508px) 100vw, 508px\" \/><\/p>\n<p style=\"text-align: justify;\">Bis auf die noch erhoffte s\u00fc\u00dfe Auslese ist die Weinernte 2015 seit vergangenem Dienstag abgeschlossen. Der ganz gro\u00dfe Stress im Keller ist auch schon vorbei und es ist Zeit f\u00fcr ein paar Beobachtungen zur heurigen Lese.<\/p>\n<p style=\"text-align: justify;\">Davor m\u00f6chte ich mich aber ganz herzlich bei allen unseren flei\u00dfigen Helfern bedanken, insbesondere bei der Verst\u00e4rkung aus Ober\u00f6sterreich, der wir auch einige tolle Fotos verdanken, die diese kleine Serie illustrieren werden.<\/p>\n<p><em>Foto: Erich Hamader<\/em><\/p>\n","protected":false},"excerpt":{"rendered":"<p>Bis auf die noch erhoffte s\u00fc\u00dfe Auslese ist die Weinernte 2015 seit vergangenem Dienstag abgeschlossen. Der ganz gro\u00dfe Stress im Keller ist auch schon vorbei und es ist Zeit f\u00fcr ein paar Beobachtungen zur heurigen Lese. Davor m\u00f6chte ich mich aber ganz herzlich bei allen unseren flei\u00dfigen Helfern bedanken, insbesondere bei der Verst\u00e4rkung aus Ober\u00f6sterreich, &#8230; <a title=\"Jahrgangsbeobachtungen (1)\" class=\"read-more\" href=\"https:\/\/bernhard-fiedler.at\/weblog\/?p=6260\" aria-label=\"Mehr Informationen \u00fcber Jahrgangsbeobachtungen (1)\">Weiterlesen<\/a><\/p>\n","protected":false},"author":2,"featured_media":0,"comment_status":"open","ping_status":"open","sticky":false,"template":"","format":"standard","meta":{"footnotes":""},"categories":[36],"tags":[],"class_list":["post-6260","post","type-post","status-publish","format-standard","hentry","category-lese-2015-im-weingarten"],"_links":{"self":[{"href":"https:\/\/bernhard-fiedler.at\/weblog\/index.php?rest_route=\/wp\/v2\/posts\/6260","targetHints":{"allow":["GET"]}}],"collection":[{"href":"https:\/\/bernhard-fiedler.at\/weblog\/index.php?rest_route=\/wp\/v2\/posts"}],"about":[{"href":"https:\/\/bernhard-fiedler.at\/weblog\/index.php?rest_route=\/wp\/v2\/types\/post"}],"author":[{"embeddable":true,"href":"https:\/\/bernhard-fiedler.at\/weblog\/index.php?rest_route=\/wp\/v2\/users\/2"}],"replies":[{"embeddable":true,"href":"https:\/\/bernhard-fiedler.at\/weblog\/index.php?rest_route=%2Fwp%2Fv2%2Fcomments&post=6260"}],"version-history":[{"count":3,"href":"https:\/\/bernhard-fiedler.at\/weblog\/index.php?rest_route=\/wp\/v2\/posts\/6260\/revisions"}],"predecessor-version":[{"id":6264,"href":"https:\/\/bernhard-fiedler.at\/weblog\/index.php?rest_route=\/wp\/v2\/posts\/6260\/revisions\/6264"}],"wp:attachment":[{"href":"https:\/\/bernhard-fiedler.at\/weblog\/index.php?rest_route=%2Fwp%2Fv2%2Fmedia&parent=6260"}],"wp:term":[{"taxonomy":"category","embeddable":true,"href":"https:\/\/bernhard-fiedler.at\/weblog\/index.php?rest_route=%2Fwp%2Fv2%2Fcategories&post=6260"},{"taxonomy":"post_tag","embeddable":true,"href":"https:\/\/bernhard-fiedler.at\/weblog\/index.php?rest_route=%2Fwp%2Fv2%2Ftags&post=6260"}],"curies":[{"name":"wp","href":"https:\/\/api.w.org\/{rel}","templated":true}]}}