{"id":6231,"date":"2015-09-06T20:11:51","date_gmt":"2015-09-06T18:11:51","guid":{"rendered":"http:\/\/www.bernhard-fiedler.at\/weblog\/?p=6231"},"modified":"2015-09-06T20:11:51","modified_gmt":"2015-09-06T18:11:51","slug":"ruhe-vor-dem-sturm","status":"publish","type":"post","link":"https:\/\/bernhard-fiedler.at\/weblog\/?p=6231","title":{"rendered":"Ruhe vor dem Sturm"},"content":{"rendered":"<p><img loading=\"lazy\" decoding=\"async\" class=\"aligncenter size-full wp-image-6232\" src=\"https:\/\/bernhard-fiedler.at\/weblog\/wp-content\/uploads\/2015\/09\/Presshaus-vor-der-Lese.jpg\" alt=\"Presshaus vor der Lese\" width=\"508\" height=\"313\" srcset=\"https:\/\/bernhard-fiedler.at\/weblog\/wp-content\/uploads\/2015\/09\/Presshaus-vor-der-Lese.jpg 508w, https:\/\/bernhard-fiedler.at\/weblog\/wp-content\/uploads\/2015\/09\/Presshaus-vor-der-Lese-300x185.jpg 300w\" sizes=\"auto, (max-width: 508px) 100vw, 508px\" \/><\/p>\n<p>Am letzten Tag vor der Weinlese herrscht eine besondere Stimmung. Nach den gro\u00dfen Vorbereitungen werden noch schnell die Lesescheren gepflegt, das Auto mit Getr\u00e4nken aufmagaziniert und andere Kleinigkeiten erledigt. Die eintreffenden Erntehelfer wollen auch begr\u00fc\u00dft werden, denn noch bleibt Zeit f\u00fcr ein entspanntes Glas Wein.<\/p>\n<p>Bei aller Gem\u00fctlichkeit liegt aber auch eine merkbare Spannung in der Luft. Ist der Lesetermin richtig gew\u00e4hlt? Wird das Wetter halten, was der Wetterbericht verspricht? Und die Weine sp\u00e4ter das, was die Trauben in Aussicht stellen?<\/p>\n<p>Auch deshalb sind die n\u00e4chsten Wochen die anstrengendsten des ganzen Weinjahres, in denen man mitunter an die Grenzen der physischen und psychischen Belastbarkeit ger\u00e4t. Trotzdem ist heute f\u00fcr mich ein Tag der Freude:<\/p>\n<p>Morgen beginnen wir mit der Lese 2015!<\/p>\n","protected":false},"excerpt":{"rendered":"<p>Am letzten Tag vor der Weinlese herrscht eine besondere Stimmung. Nach den gro\u00dfen Vorbereitungen werden noch schnell die Lesescheren gepflegt, das Auto mit Getr\u00e4nken aufmagaziniert und andere Kleinigkeiten erledigt. Die eintreffenden Erntehelfer wollen auch begr\u00fc\u00dft werden, denn noch bleibt Zeit f\u00fcr ein entspanntes Glas Wein. Bei aller Gem\u00fctlichkeit liegt aber auch eine merkbare Spannung in &#8230; <a title=\"Ruhe vor dem Sturm\" class=\"read-more\" href=\"https:\/\/bernhard-fiedler.at\/weblog\/?p=6231\" aria-label=\"Mehr Informationen \u00fcber Ruhe vor dem Sturm\">Weiterlesen<\/a><\/p>\n","protected":false},"author":2,"featured_media":0,"comment_status":"open","ping_status":"open","sticky":false,"template":"","format":"standard","meta":{"footnotes":""},"categories":[36],"tags":[],"class_list":["post-6231","post","type-post","status-publish","format-standard","hentry","category-lese-2015-im-weingarten"],"_links":{"self":[{"href":"https:\/\/bernhard-fiedler.at\/weblog\/index.php?rest_route=\/wp\/v2\/posts\/6231","targetHints":{"allow":["GET"]}}],"collection":[{"href":"https:\/\/bernhard-fiedler.at\/weblog\/index.php?rest_route=\/wp\/v2\/posts"}],"about":[{"href":"https:\/\/bernhard-fiedler.at\/weblog\/index.php?rest_route=\/wp\/v2\/types\/post"}],"author":[{"embeddable":true,"href":"https:\/\/bernhard-fiedler.at\/weblog\/index.php?rest_route=\/wp\/v2\/users\/2"}],"replies":[{"embeddable":true,"href":"https:\/\/bernhard-fiedler.at\/weblog\/index.php?rest_route=%2Fwp%2Fv2%2Fcomments&post=6231"}],"version-history":[{"count":3,"href":"https:\/\/bernhard-fiedler.at\/weblog\/index.php?rest_route=\/wp\/v2\/posts\/6231\/revisions"}],"predecessor-version":[{"id":6235,"href":"https:\/\/bernhard-fiedler.at\/weblog\/index.php?rest_route=\/wp\/v2\/posts\/6231\/revisions\/6235"}],"wp:attachment":[{"href":"https:\/\/bernhard-fiedler.at\/weblog\/index.php?rest_route=%2Fwp%2Fv2%2Fmedia&parent=6231"}],"wp:term":[{"taxonomy":"category","embeddable":true,"href":"https:\/\/bernhard-fiedler.at\/weblog\/index.php?rest_route=%2Fwp%2Fv2%2Fcategories&post=6231"},{"taxonomy":"post_tag","embeddable":true,"href":"https:\/\/bernhard-fiedler.at\/weblog\/index.php?rest_route=%2Fwp%2Fv2%2Ftags&post=6231"}],"curies":[{"name":"wp","href":"https:\/\/api.w.org\/{rel}","templated":true}]}}