{"id":6226,"date":"2015-08-31T22:31:28","date_gmt":"2015-08-31T20:31:28","guid":{"rendered":"http:\/\/www.bernhard-fiedler.at\/weblog\/?p=6226"},"modified":"2015-08-31T22:31:28","modified_gmt":"2015-08-31T20:31:28","slug":"tag-der-entscheidung","status":"publish","type":"post","link":"https:\/\/bernhard-fiedler.at\/weblog\/?p=6226","title":{"rendered":"Tag der Entscheidung"},"content":{"rendered":"<p><img loading=\"lazy\" decoding=\"async\" class=\"aligncenter size-full wp-image-4276\" src=\"https:\/\/bernhard-fiedler.at\/weblog\/wp-content\/uploads\/2011\/09\/Haider-77-bearbeitet.jpg\" alt=\"Foto: steve.haider.com\" width=\"508\" height=\"411\" srcset=\"https:\/\/bernhard-fiedler.at\/weblog\/wp-content\/uploads\/2011\/09\/Haider-77-bearbeitet.jpg 508w, https:\/\/bernhard-fiedler.at\/weblog\/wp-content\/uploads\/2011\/09\/Haider-77-bearbeitet-300x242.jpg 300w\" sizes=\"auto, (max-width: 508px) 100vw, 508px\" \/><\/p>\n<p>Seit meiner Fehleinsch\u00e4tzung <a href=\"https:\/\/bernhard-fiedler.at\/weblog\/?p=6219\">vor einer Woche<\/a> (&#8222;<em>Selbst wenn uns die kommende Woche wieder Temperaturen an die 30 Grad bringen soll, die gro\u00dfe Hitze, vor allem nachts, haben wir nicht mehr zu bef\u00fcrchten.&#8220;)<\/em> hat die f\u00fcnfte Hitzewelle dieses Sommers mit ihren 36\u00b0 Celsius und hei\u00dfem S\u00fcdostwind uns und unsere Weing\u00e4rten \u00fcberrollt.<\/p>\n<p>Regen\u00a0und Hitze f\u00fchrten zu einem unglaublichen Reifesprung der Trauben. Allein in den letzten vier Tagen haben sie im Schnitt 1,5\u00b0 KMW (d.h. rund 1,5% Zucker) zugelegt.<\/p>\n<p>Nach einer ausgiebigen Reifekontrolle heute Vormittag haben wir deshalb alle Pl\u00e4ne, erst im Lauf der kommenden Woche und\/oder nur mit kleiner Mannschaft langsam die Lese zu beginnen verworfen. Stattdessen starten wir gleich am Montag mit voller Besetzung.<\/p>\n","protected":false},"excerpt":{"rendered":"<p>Seit meiner Fehleinsch\u00e4tzung vor einer Woche (&#8222;Selbst wenn uns die kommende Woche wieder Temperaturen an die 30 Grad bringen soll, die gro\u00dfe Hitze, vor allem nachts, haben wir nicht mehr zu bef\u00fcrchten.&#8220;) hat die f\u00fcnfte Hitzewelle dieses Sommers mit ihren 36\u00b0 Celsius und hei\u00dfem S\u00fcdostwind uns und unsere Weing\u00e4rten \u00fcberrollt. Regen\u00a0und Hitze f\u00fchrten zu einem &#8230; <a title=\"Tag der Entscheidung\" class=\"read-more\" href=\"https:\/\/bernhard-fiedler.at\/weblog\/?p=6226\" aria-label=\"Mehr Informationen \u00fcber Tag der Entscheidung\">Weiterlesen<\/a><\/p>\n","protected":false},"author":2,"featured_media":0,"comment_status":"open","ping_status":"open","sticky":false,"template":"","format":"standard","meta":{"footnotes":""},"categories":[36],"tags":[],"class_list":["post-6226","post","type-post","status-publish","format-standard","hentry","category-lese-2015-im-weingarten"],"_links":{"self":[{"href":"https:\/\/bernhard-fiedler.at\/weblog\/index.php?rest_route=\/wp\/v2\/posts\/6226","targetHints":{"allow":["GET"]}}],"collection":[{"href":"https:\/\/bernhard-fiedler.at\/weblog\/index.php?rest_route=\/wp\/v2\/posts"}],"about":[{"href":"https:\/\/bernhard-fiedler.at\/weblog\/index.php?rest_route=\/wp\/v2\/types\/post"}],"author":[{"embeddable":true,"href":"https:\/\/bernhard-fiedler.at\/weblog\/index.php?rest_route=\/wp\/v2\/users\/2"}],"replies":[{"embeddable":true,"href":"https:\/\/bernhard-fiedler.at\/weblog\/index.php?rest_route=%2Fwp%2Fv2%2Fcomments&post=6226"}],"version-history":[{"count":4,"href":"https:\/\/bernhard-fiedler.at\/weblog\/index.php?rest_route=\/wp\/v2\/posts\/6226\/revisions"}],"predecessor-version":[{"id":6230,"href":"https:\/\/bernhard-fiedler.at\/weblog\/index.php?rest_route=\/wp\/v2\/posts\/6226\/revisions\/6230"}],"wp:attachment":[{"href":"https:\/\/bernhard-fiedler.at\/weblog\/index.php?rest_route=%2Fwp%2Fv2%2Fmedia&parent=6226"}],"wp:term":[{"taxonomy":"category","embeddable":true,"href":"https:\/\/bernhard-fiedler.at\/weblog\/index.php?rest_route=%2Fwp%2Fv2%2Fcategories&post=6226"},{"taxonomy":"post_tag","embeddable":true,"href":"https:\/\/bernhard-fiedler.at\/weblog\/index.php?rest_route=%2Fwp%2Fv2%2Ftags&post=6226"}],"curies":[{"name":"wp","href":"https:\/\/api.w.org\/{rel}","templated":true}]}}