{"id":6112,"date":"2015-03-23T21:19:00","date_gmt":"2015-03-23T20:19:00","guid":{"rendered":"http:\/\/www.bernhard-fiedler.at\/weblog\/?p=6112"},"modified":"2015-03-23T21:19:00","modified_gmt":"2015-03-23T20:19:00","slug":"ein-fruehling-wie-damals","status":"publish","type":"post","link":"https:\/\/bernhard-fiedler.at\/weblog\/?p=6112","title":{"rendered":"Ein Fr\u00fchling wie damals"},"content":{"rendered":"<p><img loading=\"lazy\" decoding=\"async\" class=\"aligncenter size-full wp-image-5254\" src=\"https:\/\/bernhard-fiedler.at\/weblog\/wp-content\/uploads\/2013\/04\/Mandelbl\u00fcte-2-bearbeitet.jpg\" alt=\"Mandelbl\u00fcte 2 bearbeitet\" width=\"508\" height=\"402\" srcset=\"https:\/\/bernhard-fiedler.at\/weblog\/wp-content\/uploads\/2013\/04\/Mandelbl\u00fcte-2-bearbeitet.jpg 508w, https:\/\/bernhard-fiedler.at\/weblog\/wp-content\/uploads\/2013\/04\/Mandelbl\u00fcte-2-bearbeitet-300x237.jpg 300w\" sizes=\"auto, (max-width: 508px) 100vw, 508px\" \/><\/p>\n<p>W\u00e4hrend man in den letzten Jahren\u00a0meist den Eindruck hatte, das Wetter l\u00e4\u00dft den Fr\u00fchling aus und wechselt vom Winter nahtlos in den Sommer, scheint es heuer eine richtige \u00dcbergangszeit zu geben. Sonnige, aber nicht all zu warme Tage und Nachttemperaturen nur wenig \u00fcber dem Gefrierpunkt.<\/p>\n<p>Dementsprechend langsam und entspannt erwacht die Natur aus ihrem Winterschlaf. Die Mandelb\u00e4ume haben zwar schon <a href=\"https:\/\/bernhard-fiedler.at\/weblog\/?p=6097\">recht fr\u00fch ihre ersten Bl\u00fcten ge\u00f6ffnet<\/a>, aber sie bl\u00fchen drei Wochen sp\u00e4ter immer noch\u00a0und von gr\u00fcnen Blattspitzen wie auf dem Archivfoto kann derzeit keine Rede sein.<\/p>\n<p>Die Knospen der Reben zeigen nicht die kleinste Regung, und wie es scheint, ist noch nicht einmal der Saftflu\u00df in den St\u00f6cken in Gang gekommen. <a href=\"http:\/\/www.steffens-kess.de\/cms\/2012\/03\/21\/lachrymae-vitis\/\">Tr\u00e4nende Reben<\/a> findet man im Moment nur ganz selten.<\/p>\n","protected":false},"excerpt":{"rendered":"<p>W\u00e4hrend man in den letzten Jahren\u00a0meist den Eindruck hatte, das Wetter l\u00e4\u00dft den Fr\u00fchling aus und wechselt vom Winter nahtlos in den Sommer, scheint es heuer eine richtige \u00dcbergangszeit zu geben. Sonnige, aber nicht all zu warme Tage und Nachttemperaturen nur wenig \u00fcber dem Gefrierpunkt. Dementsprechend langsam und entspannt erwacht die Natur aus ihrem Winterschlaf. &#8230; <a title=\"Ein Fr\u00fchling wie damals\" class=\"read-more\" href=\"https:\/\/bernhard-fiedler.at\/weblog\/?p=6112\" aria-label=\"Mehr Informationen \u00fcber Ein Fr\u00fchling wie damals\">Weiterlesen<\/a><\/p>\n","protected":false},"author":2,"featured_media":0,"comment_status":"open","ping_status":"open","sticky":false,"template":"","format":"standard","meta":{"footnotes":""},"categories":[8],"tags":[],"class_list":["post-6112","post","type-post","status-publish","format-standard","hentry","category-das-wetter"],"_links":{"self":[{"href":"https:\/\/bernhard-fiedler.at\/weblog\/index.php?rest_route=\/wp\/v2\/posts\/6112","targetHints":{"allow":["GET"]}}],"collection":[{"href":"https:\/\/bernhard-fiedler.at\/weblog\/index.php?rest_route=\/wp\/v2\/posts"}],"about":[{"href":"https:\/\/bernhard-fiedler.at\/weblog\/index.php?rest_route=\/wp\/v2\/types\/post"}],"author":[{"embeddable":true,"href":"https:\/\/bernhard-fiedler.at\/weblog\/index.php?rest_route=\/wp\/v2\/users\/2"}],"replies":[{"embeddable":true,"href":"https:\/\/bernhard-fiedler.at\/weblog\/index.php?rest_route=%2Fwp%2Fv2%2Fcomments&post=6112"}],"version-history":[{"count":3,"href":"https:\/\/bernhard-fiedler.at\/weblog\/index.php?rest_route=\/wp\/v2\/posts\/6112\/revisions"}],"predecessor-version":[{"id":6115,"href":"https:\/\/bernhard-fiedler.at\/weblog\/index.php?rest_route=\/wp\/v2\/posts\/6112\/revisions\/6115"}],"wp:attachment":[{"href":"https:\/\/bernhard-fiedler.at\/weblog\/index.php?rest_route=%2Fwp%2Fv2%2Fmedia&parent=6112"}],"wp:term":[{"taxonomy":"category","embeddable":true,"href":"https:\/\/bernhard-fiedler.at\/weblog\/index.php?rest_route=%2Fwp%2Fv2%2Fcategories&post=6112"},{"taxonomy":"post_tag","embeddable":true,"href":"https:\/\/bernhard-fiedler.at\/weblog\/index.php?rest_route=%2Fwp%2Fv2%2Ftags&post=6112"}],"curies":[{"name":"wp","href":"https:\/\/api.w.org\/{rel}","templated":true}]}}