{"id":6097,"date":"2015-03-03T22:37:57","date_gmt":"2015-03-03T21:37:57","guid":{"rendered":"http:\/\/www.bernhard-fiedler.at\/weblog\/?p=6097"},"modified":"2015-03-03T22:37:57","modified_gmt":"2015-03-03T21:37:57","slug":"wieder-frueh","status":"publish","type":"post","link":"https:\/\/bernhard-fiedler.at\/weblog\/?p=6097","title":{"rendered":"Wieder fr\u00fch"},"content":{"rendered":"<p><img loading=\"lazy\" decoding=\"async\" class=\"aligncenter size-full wp-image-3741\" src=\"https:\/\/bernhard-fiedler.at\/weblog\/wp-content\/uploads\/2011\/03\/Mandelbl\u00fcte-bearbeitet.jpg\" alt=\"Mandelbl\u00fcte\" width=\"508\" height=\"350\" srcset=\"https:\/\/bernhard-fiedler.at\/weblog\/wp-content\/uploads\/2011\/03\/Mandelbl\u00fcte-bearbeitet.jpg 508w, https:\/\/bernhard-fiedler.at\/weblog\/wp-content\/uploads\/2011\/03\/Mandelbl\u00fcte-bearbeitet-300x206.jpg 300w\" sizes=\"auto, (max-width: 508px) 100vw, 508px\" \/><\/p>\n<p>Vor ein paar Tagen haben wir die ersten ge\u00f6ffneten Bl\u00fcten der Mandelb\u00e4ume gefunden. Bis heute sind wir zwar noch nicht so weit, wie auf dem Foto, das Jahr 2015 startet aber wieder einmal fr\u00fch in die Vegetationsperiode.<\/p>\n<p>\u00dcber das Weinjahr sagt das freilich nicht wirklich etwas aus, wie auch\u00a0<a href=\"https:\/\/bernhard-fiedler.at\/weblog\/?p=4661\">diese<\/a> Gegen\u00fcberstellung mit den Ernteterminen der verschiedenen Jahre zeigt.<\/p>\n","protected":false},"excerpt":{"rendered":"<p>Vor ein paar Tagen haben wir die ersten ge\u00f6ffneten Bl\u00fcten der Mandelb\u00e4ume gefunden. Bis heute sind wir zwar noch nicht so weit, wie auf dem Foto, das Jahr 2015 startet aber wieder einmal fr\u00fch in die Vegetationsperiode. \u00dcber das Weinjahr sagt das freilich nicht wirklich etwas aus, wie auch\u00a0diese Gegen\u00fcberstellung mit den Ernteterminen der verschiedenen &#8230; <a title=\"Wieder fr\u00fch\" class=\"read-more\" href=\"https:\/\/bernhard-fiedler.at\/weblog\/?p=6097\" aria-label=\"Mehr Informationen \u00fcber Wieder fr\u00fch\">Weiterlesen<\/a><\/p>\n","protected":false},"author":2,"featured_media":0,"comment_status":"open","ping_status":"open","sticky":false,"template":"","format":"standard","meta":{"footnotes":""},"categories":[8],"tags":[],"class_list":["post-6097","post","type-post","status-publish","format-standard","hentry","category-das-wetter"],"_links":{"self":[{"href":"https:\/\/bernhard-fiedler.at\/weblog\/index.php?rest_route=\/wp\/v2\/posts\/6097","targetHints":{"allow":["GET"]}}],"collection":[{"href":"https:\/\/bernhard-fiedler.at\/weblog\/index.php?rest_route=\/wp\/v2\/posts"}],"about":[{"href":"https:\/\/bernhard-fiedler.at\/weblog\/index.php?rest_route=\/wp\/v2\/types\/post"}],"author":[{"embeddable":true,"href":"https:\/\/bernhard-fiedler.at\/weblog\/index.php?rest_route=\/wp\/v2\/users\/2"}],"replies":[{"embeddable":true,"href":"https:\/\/bernhard-fiedler.at\/weblog\/index.php?rest_route=%2Fwp%2Fv2%2Fcomments&post=6097"}],"version-history":[{"count":2,"href":"https:\/\/bernhard-fiedler.at\/weblog\/index.php?rest_route=\/wp\/v2\/posts\/6097\/revisions"}],"predecessor-version":[{"id":6099,"href":"https:\/\/bernhard-fiedler.at\/weblog\/index.php?rest_route=\/wp\/v2\/posts\/6097\/revisions\/6099"}],"wp:attachment":[{"href":"https:\/\/bernhard-fiedler.at\/weblog\/index.php?rest_route=%2Fwp%2Fv2%2Fmedia&parent=6097"}],"wp:term":[{"taxonomy":"category","embeddable":true,"href":"https:\/\/bernhard-fiedler.at\/weblog\/index.php?rest_route=%2Fwp%2Fv2%2Fcategories&post=6097"},{"taxonomy":"post_tag","embeddable":true,"href":"https:\/\/bernhard-fiedler.at\/weblog\/index.php?rest_route=%2Fwp%2Fv2%2Ftags&post=6097"}],"curies":[{"name":"wp","href":"https:\/\/api.w.org\/{rel}","templated":true}]}}