{"id":5994,"date":"2014-11-26T22:09:53","date_gmt":"2014-11-26T21:09:53","guid":{"rendered":"http:\/\/www.bernhard-fiedler.at\/weblog\/?p=5994"},"modified":"2014-11-26T22:09:53","modified_gmt":"2014-11-26T21:09:53","slug":"jahrgangsphaenomen","status":"publish","type":"post","link":"https:\/\/bernhard-fiedler.at\/weblog\/?p=5994","title":{"rendered":"Jahrgangsph\u00e4nomen"},"content":{"rendered":"<p><img loading=\"lazy\" decoding=\"async\" class=\"aligncenter size-full wp-image-5998\" src=\"https:\/\/bernhard-fiedler.at\/weblog\/wp-content\/uploads\/2014\/11\/Jahrgangsph\u00e4nomen-2014-1.jpg\" alt=\"Jahrgangsph\u00e4nomen 2014 1\" width=\"508\" height=\"311\" srcset=\"https:\/\/bernhard-fiedler.at\/weblog\/wp-content\/uploads\/2014\/11\/Jahrgangsph\u00e4nomen-2014-1.jpg 508w, https:\/\/bernhard-fiedler.at\/weblog\/wp-content\/uploads\/2014\/11\/Jahrgangsph\u00e4nomen-2014-1-300x183.jpg 300w\" sizes=\"auto, (max-width: 508px) 100vw, 508px\" \/><\/p>\n<p>Seit Ende Oktober ist in vielen Weing\u00e4rten etwas zu beobachten, was auch mein Vater in seiner mehr als 50j\u00e4hrigen Weinbauernlaufbahn noch nie gesehen hat: Anstatt sich auf den nahenden Winter vorzubereiten, treiben zahlreiche Knospen an den oberen Trieben der Rebst\u00f6cke kleine Bl\u00e4tter und kurze (Geiz-)Triebe als ob wir\u00a0mitten im Fr\u00fchling oder Sommer w\u00e4ren!<\/p>\n<p>Wie es scheint, hat die verz\u00f6gerte Entwicklung der Reben im heurigen Sommer die j\u00fcngeren Teile des Rebholzes nicht vollst\u00e4ndig ausreifen lassen. Der milde Oktober gab den dort befindlichen Knospen dann das Gef\u00fchl, der Sommer w\u00e4re noch voll in Gang und die feuchtigkeitsbedingt starke Wuchskraft des Jahrgangs tat ein \u00fcbriges.<\/p>\n<p><!--more--><\/p>\n<p><img loading=\"lazy\" decoding=\"async\" class=\"aligncenter size-full wp-image-5995\" src=\"https:\/\/bernhard-fiedler.at\/weblog\/wp-content\/uploads\/2014\/11\/Jahrgangsph\u00e4nomen-2014.jpg\" alt=\"Jahrgangsph\u00e4nomen 2014\" width=\"508\" height=\"383\" srcset=\"https:\/\/bernhard-fiedler.at\/weblog\/wp-content\/uploads\/2014\/11\/Jahrgangsph\u00e4nomen-2014.jpg 508w, https:\/\/bernhard-fiedler.at\/weblog\/wp-content\/uploads\/2014\/11\/Jahrgangsph\u00e4nomen-2014-300x226.jpg 300w\" sizes=\"auto, (max-width: 508px) 100vw, 508px\" \/><\/p>\n<p>Wirklich schlimm ist dieses Jahrgangsph\u00e4nomen zwar nicht, aber es signalisiert uns, dass die Reben noch weit von ihrer richtigen Winterruhe entfernt sind. Sollte es relativ schnell und \u00fcbergangslos kalt werden, ist die Wahrscheinlichkeit\u00a0von Frostsch\u00e4den deshalb heuer sicherlich h\u00f6her als sonst,\u00a0zumal dieser Austrieb ja auch Reservestoffe verbraucht, die\u00a0den St\u00f6cken dann fehlen k\u00f6nnten.<\/p>\n<p><img loading=\"lazy\" decoding=\"async\" class=\"aligncenter size-full wp-image-6000\" src=\"https:\/\/bernhard-fiedler.at\/weblog\/wp-content\/uploads\/2014\/11\/Jahrgangsph\u00e4nomen-2014-2.jpg\" alt=\"Jahrgangsph\u00e4nomen 2014 2\" width=\"508\" height=\"342\" srcset=\"https:\/\/bernhard-fiedler.at\/weblog\/wp-content\/uploads\/2014\/11\/Jahrgangsph\u00e4nomen-2014-2.jpg 508w, https:\/\/bernhard-fiedler.at\/weblog\/wp-content\/uploads\/2014\/11\/Jahrgangsph\u00e4nomen-2014-2-300x201.jpg 300w\" sizes=\"auto, (max-width: 508px) 100vw, 508px\" \/><\/p>\n","protected":false},"excerpt":{"rendered":"<p>Seit Ende Oktober ist in vielen Weing\u00e4rten etwas zu beobachten, was auch mein Vater in seiner mehr als 50j\u00e4hrigen Weinbauernlaufbahn noch nie gesehen hat: Anstatt sich auf den nahenden Winter vorzubereiten, treiben zahlreiche Knospen an den oberen Trieben der Rebst\u00f6cke kleine Bl\u00e4tter und kurze (Geiz-)Triebe als ob wir\u00a0mitten im Fr\u00fchling oder Sommer w\u00e4ren! Wie es &#8230; <a title=\"Jahrgangsph\u00e4nomen\" class=\"read-more\" href=\"https:\/\/bernhard-fiedler.at\/weblog\/?p=5994\" aria-label=\"Mehr Informationen \u00fcber Jahrgangsph\u00e4nomen\">Weiterlesen<\/a><\/p>\n","protected":false},"author":2,"featured_media":0,"comment_status":"open","ping_status":"open","sticky":false,"template":"","format":"standard","meta":{"footnotes":""},"categories":[3],"tags":[],"class_list":["post-5994","post","type-post","status-publish","format-standard","hentry","category-im-weingarten"],"_links":{"self":[{"href":"https:\/\/bernhard-fiedler.at\/weblog\/index.php?rest_route=\/wp\/v2\/posts\/5994","targetHints":{"allow":["GET"]}}],"collection":[{"href":"https:\/\/bernhard-fiedler.at\/weblog\/index.php?rest_route=\/wp\/v2\/posts"}],"about":[{"href":"https:\/\/bernhard-fiedler.at\/weblog\/index.php?rest_route=\/wp\/v2\/types\/post"}],"author":[{"embeddable":true,"href":"https:\/\/bernhard-fiedler.at\/weblog\/index.php?rest_route=\/wp\/v2\/users\/2"}],"replies":[{"embeddable":true,"href":"https:\/\/bernhard-fiedler.at\/weblog\/index.php?rest_route=%2Fwp%2Fv2%2Fcomments&post=5994"}],"version-history":[{"count":5,"href":"https:\/\/bernhard-fiedler.at\/weblog\/index.php?rest_route=\/wp\/v2\/posts\/5994\/revisions"}],"predecessor-version":[{"id":6002,"href":"https:\/\/bernhard-fiedler.at\/weblog\/index.php?rest_route=\/wp\/v2\/posts\/5994\/revisions\/6002"}],"wp:attachment":[{"href":"https:\/\/bernhard-fiedler.at\/weblog\/index.php?rest_route=%2Fwp%2Fv2%2Fmedia&parent=5994"}],"wp:term":[{"taxonomy":"category","embeddable":true,"href":"https:\/\/bernhard-fiedler.at\/weblog\/index.php?rest_route=%2Fwp%2Fv2%2Fcategories&post=5994"},{"taxonomy":"post_tag","embeddable":true,"href":"https:\/\/bernhard-fiedler.at\/weblog\/index.php?rest_route=%2Fwp%2Fv2%2Ftags&post=5994"}],"curies":[{"name":"wp","href":"https:\/\/api.w.org\/{rel}","templated":true}]}}