{"id":594,"date":"2008-06-12T23:42:46","date_gmt":"2008-06-12T22:42:46","guid":{"rendered":"http:\/\/www.bernhard-fiedler.at\/weblog\/?p=594"},"modified":"2008-06-12T23:44:33","modified_gmt":"2008-06-12T22:44:33","slug":"ungestumes-wachstum","status":"publish","type":"post","link":"https:\/\/bernhard-fiedler.at\/weblog\/?p=594","title":{"rendered":"Ungest\u00fcmes Wachstum"},"content":{"rendered":"<p><img src='https:\/\/bernhard-fiedler.at\/weblog\/wp-content\/uploads\/2008\/06\/triebspitzen-komprimiert.jpg' alt='W\u00fcchsige Triebspitzen' \/><\/p>\n<p>Ein typisches Bild dieser Tage: Bedeckter Himmel, st\u00e4ndige Regenschauer und Gewitter, die f\u00fcr eine um diese Jahreszeit au\u00dfergew\u00f6hnlich gute Wasserversorgung verantwortlich sind, und dementsprechend wuchskr\u00e4ftige Triebspitzen.<\/p>\n<p>In dieser Situation arbeiten wir mit den Reben um die Wette, um sie rechtzeitig von Hand in den Drahtrahmen zu formieren und anschlie\u00dfend maschinell einzuk\u00fcrzen. <\/p>\n<p>Aber nicht nur die Reben f\u00fchlen sich unter diesen Bedingungen wohl, <del datetime=\"2008-06-12T22:23:54+00:00\">das Unkraut<\/del> die Beikr\u00e4uter gedeihen ebenfalls pr\u00e4chtig und m\u00fcssen unter Kontrolle gehalten werden. Und auch die Pilzkrankheiten haben es leider gerne feucht-mild, weshalb beim Pflanzenschutz <a href=\"http:\/\/de.wikipedia.org\/wiki\/Laissez_faire\">Laissez-faire<\/a> momentan nicht angebracht ist.<\/p>\n<p>Gut, dass die Bl\u00fcte bereits (wie es scheint ohne Probleme) gelaufen ist. Damit l\u00e4\u00dft das Wachstum n\u00e4mlich langsam nach, weil der Rebstock mehr Energie in die Trauben steckt und weniger in Triebe und Bl\u00e4tter investiert.<\/p>\n<p><img src='https:\/\/bernhard-fiedler.at\/weblog\/wp-content\/uploads\/2008\/06\/abgehende-blute-komprimiert.jpg' alt='Abgehende Bl\u00fcte' \/><\/p>\n","protected":false},"excerpt":{"rendered":"<p>Ein typisches Bild dieser Tage: Bedeckter Himmel, st\u00e4ndige Regenschauer und Gewitter, die f\u00fcr eine um diese Jahreszeit au\u00dfergew\u00f6hnlich gute Wasserversorgung verantwortlich sind, und dementsprechend wuchskr\u00e4ftige Triebspitzen. In dieser Situation arbeiten wir mit den Reben um die Wette, um sie rechtzeitig von Hand in den Drahtrahmen zu formieren und anschlie\u00dfend maschinell einzuk\u00fcrzen. Aber nicht nur die &#8230; <a title=\"Ungest\u00fcmes Wachstum\" class=\"read-more\" href=\"https:\/\/bernhard-fiedler.at\/weblog\/?p=594\" aria-label=\"Mehr Informationen \u00fcber Ungest\u00fcmes Wachstum\">Weiterlesen<\/a><\/p>\n","protected":false},"author":2,"featured_media":0,"comment_status":"open","ping_status":"open","sticky":false,"template":"","format":"standard","meta":{"footnotes":""},"categories":[3],"tags":[],"class_list":["post-594","post","type-post","status-publish","format-standard","hentry","category-im-weingarten"],"_links":{"self":[{"href":"https:\/\/bernhard-fiedler.at\/weblog\/index.php?rest_route=\/wp\/v2\/posts\/594","targetHints":{"allow":["GET"]}}],"collection":[{"href":"https:\/\/bernhard-fiedler.at\/weblog\/index.php?rest_route=\/wp\/v2\/posts"}],"about":[{"href":"https:\/\/bernhard-fiedler.at\/weblog\/index.php?rest_route=\/wp\/v2\/types\/post"}],"author":[{"embeddable":true,"href":"https:\/\/bernhard-fiedler.at\/weblog\/index.php?rest_route=\/wp\/v2\/users\/2"}],"replies":[{"embeddable":true,"href":"https:\/\/bernhard-fiedler.at\/weblog\/index.php?rest_route=%2Fwp%2Fv2%2Fcomments&post=594"}],"version-history":[{"count":0,"href":"https:\/\/bernhard-fiedler.at\/weblog\/index.php?rest_route=\/wp\/v2\/posts\/594\/revisions"}],"wp:attachment":[{"href":"https:\/\/bernhard-fiedler.at\/weblog\/index.php?rest_route=%2Fwp%2Fv2%2Fmedia&parent=594"}],"wp:term":[{"taxonomy":"category","embeddable":true,"href":"https:\/\/bernhard-fiedler.at\/weblog\/index.php?rest_route=%2Fwp%2Fv2%2Fcategories&post=594"},{"taxonomy":"post_tag","embeddable":true,"href":"https:\/\/bernhard-fiedler.at\/weblog\/index.php?rest_route=%2Fwp%2Fv2%2Ftags&post=594"}],"curies":[{"name":"wp","href":"https:\/\/api.w.org\/{rel}","templated":true}]}}