{"id":589,"date":"2008-06-01T22:21:32","date_gmt":"2008-06-01T21:21:32","guid":{"rendered":"http:\/\/www.bernhard-fiedler.at\/weblog\/?p=589"},"modified":"2008-06-02T07:30:16","modified_gmt":"2008-06-02T06:30:16","slug":"muhsam","status":"publish","type":"post","link":"https:\/\/bernhard-fiedler.at\/weblog\/?p=589","title":{"rendered":"M\u00fchsam"},"content":{"rendered":"<p>Auch wenn es bei uns in der Familie gelegentlich scherzhaft hei\u00dft, dass ich nur deshalb alleine auf Messen fahre, damit wenigstens irgendjemand (n\u00e4mlich die zu Hause gebliebenen) etwas arbeitet, ist allen Beteiligten nat\u00fcrlich bewu\u00dft, dass das Pr\u00e4sentieren von Wein ebenso wichtig f\u00fcr den Betriebserfolg ist, wie das Produzieren desselben. Und ebenso anstrengend.<\/p>\n<p>Mittlerweile bin ich in dieser Beziehung ja schon einiges gewohnt, aber die heurige <a href=\"http:\/\/www.mac-hoffmann.com\/index.php?option=com_content&#038;task=view&#038;id=200&#038;Itemid=200#Szene_1\">Vievinum<\/a> ist bisher (nach den ersten beiden von drei Tagen) besonders m\u00fchsam. Die hochsommerlichen Temperaturen sowohl au\u00dferhalb als auch in der Hofburg sind weder f\u00fcr die Aussteller noch f\u00fcr die Weine sehr erbaulich und wohl auch mit ein Grund, warum sich heuer deutlich weniger Besucher in den S\u00e4len tummeln, als vor zwei oder vier Jahren.<\/p>\n<p>Als Nicht-Promi-Weingut sind wir durchaus gewohnt, dass sich der Andrang an unserem Stand in Grenzen h\u00e4lt, aber dass sich auch bei vergleichsweise prominenten Kollegen stundenlang wenig bis nichts tut, ist neu, ganz egal ob es daran liegt, dass wir einen etwas entlegenen Raum zugeteilt bekommen haben, dass die Fu\u00dfball-EM vor der T\u00fcr steht, der Eintrittspreis sehr hoch ist oder das Wetter zu anderen Aktivit\u00e4ten einl\u00e4dt. <!--more--><\/p>\n<p>Wenn man auf Messen wenig zu tun hat, ist das nicht sehr motivierend, aber auch manche Besucher heben nicht gerade die Stimmung. Zum Beispiel solche, die einem gesch\u00e4tzte zehn, gef\u00fchlte zwanzig Minuten lang von allen m\u00f6glichen Weinen vorschw\u00e4rmen und einem erz\u00e4hlen, was man alles unbedingt kosten mu\u00df, aber w\u00e4hrend der ganzen Zeit nicht eine Silbe \u00fcber den Wein verlieren, den man ihnen am Beginn des Gespr\u00e4ches eingeschenkt hat, und an dem sie w\u00e4hrend ihrer Schilderungen st\u00e4ndig herumriechen und -probieren.<\/p>\n<p>Nur, damit keine Mi\u00dfverst\u00e4ndnisse aufkommen: Ich unterhalte mich gerne auch \u00fcber andere Weine und erwarte mir kein stundenlanges Feedback, wenn ich Weinproben ausschenke. Ich habe auch kein Problem, wenn mir jemand sagt, dass ihm mein Wein nicht schmeckt, und ich kann gut verstehen, wenn jemand zur\u00fcckhaltend verkostet und seine Meinung generell nicht kundtun m\u00f6chte.<\/p>\n<p>Aber jemanden, der mir in aller Ausf\u00fchrlichkeit \u00fcber alle m\u00f6glichen Weine berichtet und deren Stil lobt oder kritisiert, der es aber nicht der M\u00fche wert findet, zumindest ein Wort zu der Probe zu sagen, die ich ihm eingeschenkt habe, halte ich einfach f\u00fcr unh\u00f6flich.<\/p>\n<p>Zum Gl\u00fcck sind das aber seltene Einzelf\u00e4lle, und so gab es auch heute trotz der geringen Besucherzahl einige sehr interessante Gespr\u00e4che. Mit einem Weinakademiker-Kollegen und Sommelier bin ich zum Beispiel vom Wein und der F\u00e4higkeit, ihn spontan und unbeschwert geniessen zu k\u00f6nnen auf einige v\u00f6llig weinfremde, aber h\u00f6chst interessante Themen gekommen.<\/p>\n<p>Au\u00dferdem habe ich einen meiner regelm\u00e4\u00dfigen Blog-Leser kennengelernt und er nach meiner Schreibe erstmals auch meine Weine. Und ich hatte das Vergn\u00fcgen, dem <a href=\"http:\/\/www.kobler-margreid.com\/blog\/\">Blogger-<\/a> und <a href=\"http:\/\/www.kobler-margreid.com\/\">Winzerkollegen<\/a> Armin Kobler aus S\u00fcdtirol und seiner Frau zu begegnen, die im Rahmen eines Wien-Urlaubes eher zuf\u00e4llig zur Vievinum gekommen sind.<\/p>\n<p>Dar\u00fcber hinaus gab es von den allermeisten Besuchern an unserem Stand ein ausdr\u00fcckliches Lob f\u00fcr unsere Weine, und auch wenn das nur einen ideellen, und (noch?) keinen materiellen Messeerfolg darstellt, ist es eine gewisse M\u00fche wert.<\/p>\n<p>Und vielleicht wird es ja morgen (noch) besser&#8230;<\/p>\n","protected":false},"excerpt":{"rendered":"<p>Auch wenn es bei uns in der Familie gelegentlich scherzhaft hei\u00dft, dass ich nur deshalb alleine auf Messen fahre, damit wenigstens irgendjemand (n\u00e4mlich die zu Hause gebliebenen) etwas arbeitet, ist allen Beteiligten nat\u00fcrlich bewu\u00dft, dass das Pr\u00e4sentieren von Wein ebenso wichtig f\u00fcr den Betriebserfolg ist, wie das Produzieren desselben. Und ebenso anstrengend. Mittlerweile bin ich &#8230; <a title=\"M\u00fchsam\" class=\"read-more\" href=\"https:\/\/bernhard-fiedler.at\/weblog\/?p=589\" aria-label=\"Mehr Informationen \u00fcber M\u00fchsam\">Weiterlesen<\/a><\/p>\n","protected":false},"author":2,"featured_media":0,"comment_status":"open","ping_status":"open","sticky":false,"template":"","format":"standard","meta":{"footnotes":""},"categories":[7],"tags":[],"class_list":["post-589","post","type-post","status-publish","format-standard","hentry","category-im-verkauf"],"_links":{"self":[{"href":"https:\/\/bernhard-fiedler.at\/weblog\/index.php?rest_route=\/wp\/v2\/posts\/589","targetHints":{"allow":["GET"]}}],"collection":[{"href":"https:\/\/bernhard-fiedler.at\/weblog\/index.php?rest_route=\/wp\/v2\/posts"}],"about":[{"href":"https:\/\/bernhard-fiedler.at\/weblog\/index.php?rest_route=\/wp\/v2\/types\/post"}],"author":[{"embeddable":true,"href":"https:\/\/bernhard-fiedler.at\/weblog\/index.php?rest_route=\/wp\/v2\/users\/2"}],"replies":[{"embeddable":true,"href":"https:\/\/bernhard-fiedler.at\/weblog\/index.php?rest_route=%2Fwp%2Fv2%2Fcomments&post=589"}],"version-history":[{"count":0,"href":"https:\/\/bernhard-fiedler.at\/weblog\/index.php?rest_route=\/wp\/v2\/posts\/589\/revisions"}],"wp:attachment":[{"href":"https:\/\/bernhard-fiedler.at\/weblog\/index.php?rest_route=%2Fwp%2Fv2%2Fmedia&parent=589"}],"wp:term":[{"taxonomy":"category","embeddable":true,"href":"https:\/\/bernhard-fiedler.at\/weblog\/index.php?rest_route=%2Fwp%2Fv2%2Fcategories&post=589"},{"taxonomy":"post_tag","embeddable":true,"href":"https:\/\/bernhard-fiedler.at\/weblog\/index.php?rest_route=%2Fwp%2Fv2%2Ftags&post=589"}],"curies":[{"name":"wp","href":"https:\/\/api.w.org\/{rel}","templated":true}]}}