{"id":5851,"date":"2014-08-19T21:14:20","date_gmt":"2014-08-19T20:14:20","guid":{"rendered":"http:\/\/www.bernhard-fiedler.at\/weblog\/?p=5851"},"modified":"2014-08-19T21:14:20","modified_gmt":"2014-08-19T20:14:20","slug":"ernteszenarien","status":"publish","type":"post","link":"https:\/\/bernhard-fiedler.at\/weblog\/?p=5851","title":{"rendered":"Ernteszenarien"},"content":{"rendered":"<p><img loading=\"lazy\" decoding=\"async\" class=\"aligncenter size-full wp-image-5852\" src=\"https:\/\/bernhard-fiedler.at\/weblog\/wp-content\/uploads\/2014\/08\/Hagel-2014-komprimiert.jpg\" alt=\"Hagel 2014\" width=\"508\" height=\"381\" srcset=\"https:\/\/bernhard-fiedler.at\/weblog\/wp-content\/uploads\/2014\/08\/Hagel-2014-komprimiert.jpg 508w, https:\/\/bernhard-fiedler.at\/weblog\/wp-content\/uploads\/2014\/08\/Hagel-2014-komprimiert-300x224.jpg 300w\" sizes=\"auto, (max-width: 508px) 100vw, 508px\" \/><\/p>\n<p>Das Wetter l\u00e4\u00dft sich &#8211; trotz Hagel zum Gl\u00fcck &#8211; nicht \u00e4ndern. Wir Weinbauern haben aber viele M\u00f6glichkeiten, um auf seine Folgen zu reagieren. Und weil es in der Lesezeit meist recht hektisch zugeht, spielt man als verantwortungsvoller Kellermeister schon vorab alle Szenarien durch:<\/p>\n<p><strong>Im Weingarten&#8230;<\/strong><\/p>\n<p>Bei (in Relation zur Traubenreife) sp\u00e4tem Hagelschlag wie heuer sind die Optionen im Weingarten ziemlich begrenzt. Bis auf den sp\u00e4ten Cabernet Sauvignon haben wir schon vor dem Hagel alle Sorten auf einen wirtschaftlich und qualitativ sinnvollen Ertrag eingestellt. Ein gro\u00dfz\u00fcgiges Wegschneiden der besch\u00e4digten Trauben zum jetzigen Zeitpunkt ist deshalb nur mehr beim Cabernet m\u00f6glich.<\/p>\n<p>Bei den anderen Sorten k\u00f6nnen wir lediglich bei der Ernte versuchen, besch\u00e4digte und vor allem von F\u00e4ulnis befallene Trauben auszusortieren. Je nach Schaden und angestrebtem Qualit\u00e4ts- und Preisniveau entweder Beere f\u00fcr Beere oder auch z.B. durch eine getrennte Ernte der beiden Seiten eines Weinstockes. Fast immer ist n\u00e4mlich nur eine Seite der Laubwand (und damit der Trauben) vom Hagel besch\u00e4digt.<!--more--><\/p>\n<p>Um F\u00e4ulnis vorzubeugen (und da wir ja kein trockenes, windiges Wetter bis zur Ernte bestellen k\u00f6nnen) haben wir au\u00dferdem in einigen Weing\u00e4rten die Trauben mit einem <a href=\"http:\/\/www.bio-ferm.com\/de\/produkte\/botector\/\">biologischen F\u00e4ulnisbek\u00e4mpfungsmittel<\/a> behandelt. Das hat im Unterschied zu den konventionellen Mitteln praktisch keine Wartefrist bis zur Ernte, denn schlie\u00dflich wollen wir keine Pflanzenschutzmittelr\u00fcckst\u00e4nde in unseren Weinen riskieren.<\/p>\n<p>Trotzdem ist wohl damit zu rechnen, dass manche vom Hagel verletzte Beeren zu faulen beginnen. Selbst wenn sich dabei eine saubere Botrytis einstellt (wobei die Trauben f\u00fcr echte Edelf\u00e4ule noch nicht reif genug sind), ist das f\u00fcr fruchtbetonte, trockene Weine ein qualitativer Nachteil. Ganz schlimm wird es, wenn sich Essigs\u00e4urebakterien und andere Mikroorganismen auf den Beeren ansiedeln.<\/p>\n<p>Aber auch jene Beeren, die zwar angeschlagen, aber nicht aufgeplatzt sind, k\u00f6nnen den Geschmack negativ beeinflu\u00dfen. Um die strapazierten Schalen zu verst\u00e4rken, lagert die Rebe n\u00e4mlich vermehrt Tannine ein, die\u00a0 den Weinen eine bittere Note verleihen k\u00f6nnen, wenn man falsch darauf reagiert.<\/p>\n<p><strong>&#8230;und im Keller<\/strong><\/p>\n<p>Die wichtigste Ma\u00dfnahme im Umgang mit potentiell st\u00e4rker mikrobiologisch und durch Bitterstoffe\u00a0belastetem Traubenmaterial ist eine m\u00f6glichst kurze Kontaktzeit\u00a0des Saftes mit den Traubenschalen. Diese sind weit st\u00e4rker &#8222;kontaminiert&#8220; und liefern in solchen Situationen mehr Schlechtes als Gutes. Auch wenn es fast zu einfach klingt, kann eine rasche Verarbeitung und der Verzicht auf eine <a href=\"https:\/\/bernhard-fiedler.at\/weblog\/?p=77\">Maischestandzeit<\/a>\u00a0beim Wei\u00dfwein einen enormen Unterschied machen.<\/p>\n<p>Beim Rotwein gelingt das nicht ganz so einfach, denn f\u00fcr Farbe, Aroma und Tannin m\u00fcssen die Weine zumindest\u00a0ein paar Tage mit den Schalen (&#8222;<a href=\"https:\/\/bernhard-fiedler.at\/weblog\/?p=118\">auf der Maische<\/a>&#8222;) g\u00e4ren. Um das mikrobiologische Risiko gering zu halten, werde ich im Fall des Falles aber heuer wohl schon zu Most oder Maische <a href=\"https:\/\/bernhard-fiedler.at\/weblog\/?p=639\">SO2<\/a> zugeben. Das hemmt Enzyme, die in faulen Beeren zu Qualit\u00e4tsverlusten f\u00fchren, erschwert Essigs\u00e4urebakterien und Co. die Vermehrung und sch\u00fctzt Most und Wein vor zu starken Reaktionen mit Sauerstoff aus der Luft.<\/p>\n<p>Auch ein rascher und sauberer G\u00e4rbeginn sch\u00fctzt den Most vor unerw\u00fcnschten Entwicklungen. Bei nicht wirklich perfekten Trauben werde ich deshalb keine Spontang\u00e4rungs-Experimente starten, sondern wie ohnehin meistens<a href=\"https:\/\/bernhard-fiedler.at\/weblog\/?p=91\"> Reinzuchthefen<\/a> verwenden.<\/p>\n<p>Um das Risiko zu streuen werde ich au\u00dferdem heuer noch mehr Einzelchargen vinifizieren als sonst. Der Hagel hat unsere zahlreichen (aber kleinen) Weing\u00e4rten unterschiedlich stark getroffen und es w\u00e4re nicht sinnvoll, gesch\u00e4digte und nicht gesch\u00e4digte Lagen gemeinsam zu verarbeiten, nur weil wir das immer so machen.<\/p>\n<p>Nat\u00fcrlich sind auch zahlreiche zugelassene Mittel auf dem Markt, um verschiedenste Weinfehler wie z.B. Bitterstoffe im Nachhinein aus den Weinen zu entfernen. Ich verdamme diese auch nicht grunds\u00e4tzlich, bin aber der Meinung, dass Vorbeugen im obigen Sinne besser ist als heilen, und verkaufe eine nicht gelungene Charge lieber anonym im Fa\u00df als sie abf\u00fclltauglich zur reparieren.<\/p>\n<p>Insgesamt gehe ich aber davon aus, dass wir mit sorgf\u00e4ltiger Handlese und kleinen Adaptionen meiner \u00fcblichen Kellerwirtschaft auch den 2014er gut meistern werden.<\/p>\n","protected":false},"excerpt":{"rendered":"<p>Das Wetter l\u00e4\u00dft sich &#8211; trotz Hagel zum Gl\u00fcck &#8211; nicht \u00e4ndern. Wir Weinbauern haben aber viele M\u00f6glichkeiten, um auf seine Folgen zu reagieren. Und weil es in der Lesezeit meist recht hektisch zugeht, spielt man als verantwortungsvoller Kellermeister schon vorab alle Szenarien durch: Im Weingarten&#8230; Bei (in Relation zur Traubenreife) sp\u00e4tem Hagelschlag wie heuer &#8230; <a title=\"Ernteszenarien\" class=\"read-more\" href=\"https:\/\/bernhard-fiedler.at\/weblog\/?p=5851\" aria-label=\"Mehr Informationen \u00fcber Ernteszenarien\">Weiterlesen<\/a><\/p>\n","protected":false},"author":2,"featured_media":0,"comment_status":"open","ping_status":"open","sticky":false,"template":"","format":"standard","meta":{"footnotes":""},"categories":[4],"tags":[],"class_list":["post-5851","post","type-post","status-publish","format-standard","hentry","category-im-keller"],"_links":{"self":[{"href":"https:\/\/bernhard-fiedler.at\/weblog\/index.php?rest_route=\/wp\/v2\/posts\/5851","targetHints":{"allow":["GET"]}}],"collection":[{"href":"https:\/\/bernhard-fiedler.at\/weblog\/index.php?rest_route=\/wp\/v2\/posts"}],"about":[{"href":"https:\/\/bernhard-fiedler.at\/weblog\/index.php?rest_route=\/wp\/v2\/types\/post"}],"author":[{"embeddable":true,"href":"https:\/\/bernhard-fiedler.at\/weblog\/index.php?rest_route=\/wp\/v2\/users\/2"}],"replies":[{"embeddable":true,"href":"https:\/\/bernhard-fiedler.at\/weblog\/index.php?rest_route=%2Fwp%2Fv2%2Fcomments&post=5851"}],"version-history":[{"count":15,"href":"https:\/\/bernhard-fiedler.at\/weblog\/index.php?rest_route=\/wp\/v2\/posts\/5851\/revisions"}],"predecessor-version":[{"id":5867,"href":"https:\/\/bernhard-fiedler.at\/weblog\/index.php?rest_route=\/wp\/v2\/posts\/5851\/revisions\/5867"}],"wp:attachment":[{"href":"https:\/\/bernhard-fiedler.at\/weblog\/index.php?rest_route=%2Fwp%2Fv2%2Fmedia&parent=5851"}],"wp:term":[{"taxonomy":"category","embeddable":true,"href":"https:\/\/bernhard-fiedler.at\/weblog\/index.php?rest_route=%2Fwp%2Fv2%2Fcategories&post=5851"},{"taxonomy":"post_tag","embeddable":true,"href":"https:\/\/bernhard-fiedler.at\/weblog\/index.php?rest_route=%2Fwp%2Fv2%2Ftags&post=5851"}],"curies":[{"name":"wp","href":"https:\/\/api.w.org\/{rel}","templated":true}]}}