{"id":5817,"date":"2014-07-31T19:32:54","date_gmt":"2014-07-31T18:32:54","guid":{"rendered":"http:\/\/www.bernhard-fiedler.at\/weblog\/?p=5817"},"modified":"2014-07-31T19:33:51","modified_gmt":"2014-07-31T18:33:51","slug":"reichlich","status":"publish","type":"post","link":"https:\/\/bernhard-fiedler.at\/weblog\/?p=5817","title":{"rendered":"Reichlich"},"content":{"rendered":"<p><img loading=\"lazy\" decoding=\"async\" class=\"aligncenter size-full wp-image-5826\" src=\"https:\/\/bernhard-fiedler.at\/weblog\/wp-content\/uploads\/2014\/07\/Juliregen-2014.jpg\" alt=\"Juliregen 2014\" width=\"508\" height=\"381\" srcset=\"https:\/\/bernhard-fiedler.at\/weblog\/wp-content\/uploads\/2014\/07\/Juliregen-2014.jpg 508w, https:\/\/bernhard-fiedler.at\/weblog\/wp-content\/uploads\/2014\/07\/Juliregen-2014-300x224.jpg 300w\" sizes=\"auto, (max-width: 508px) 100vw, 508px\" \/><\/p>\n<p>In den vergangenen 10 Tagen hat es fast jeden Tag und insgesamt rund 65 Liter pro Quadratmeter geregnet. Und als w\u00e4re das f\u00fcr diese Jahreszeit noch nicht ungew\u00f6hnlich genug, sind allein gestern nochmal zwischen 90 und 110 Liter (!) dazugekommen. (Eine genauere Messung war angesichts der Umst\u00e4nde nicht m\u00f6glich, ist bei der Menge aber ohnehin irrelevant.) &#8222;Beinahe das ganze Burgenland steht unter Wasser&#8220; hie\u00df es dazu in den Medien.<\/p>\n<p>Ganz so schlimm wie anderswo ist es bei uns zum Gl\u00fcck aber nicht. Abgesehen von ein paar Zentimetern Wasser im Fa\u00dfkeller f\u00fcr ein paar Minuten, nassen Kleidern bei den zahlreichen Versuchen an den verschiedensten Stellen das Wasser dorthin zu bringen wo es hin soll (Dachrinnen, Au\u00dfenabl\u00e4ufe,&#8230;) und einem nassen Teppich im Verkaufslager haben wir keine Probleme zu beklagen.<\/p>\n<p>Auch in den Weing\u00e4rten scheint diese Extremsituation vorerst glimpflich verlaufen zu sein. Kein Hagel und bei uns keine gr\u00f6\u00dferen Abschwemmungen. Zum Gl\u00fcck sind wir wegen der anhaltenden Feuchtigkeit vorige Woche nicht zum Lockern des Bodens unter den Rebst\u00f6cken gekommen. <del>Das Unkraut<\/del> Die Beikr\u00e4uter stehen dementsprechend \u00fcppig da und haben die Wassermassen gut gebremst.<\/p>\n<p><!--more--><\/p>\n<p><img loading=\"lazy\" decoding=\"async\" class=\"aligncenter size-full wp-image-5830\" src=\"https:\/\/bernhard-fiedler.at\/weblog\/wp-content\/uploads\/2014\/07\/Juliregen-2014a.jpg\" alt=\"Juliregen 2014\" width=\"508\" height=\"381\" srcset=\"https:\/\/bernhard-fiedler.at\/weblog\/wp-content\/uploads\/2014\/07\/Juliregen-2014a.jpg 508w, https:\/\/bernhard-fiedler.at\/weblog\/wp-content\/uploads\/2014\/07\/Juliregen-2014a-300x224.jpg 300w\" sizes=\"auto, (max-width: 508px) 100vw, 508px\" \/><\/p>\n<p>Noch ist von einem Befahren der Weing\u00e4rten keine Rede (auch wenn es manche nicht lassen k\u00f6nnen), aber sobald es halbwegs abgetrocknet hat, werden wir wohl nur f\u00fcr unvermeidliche Bed\u00fcrfnisse vom Traktor absteigen.<\/p>\n<p>Feuchtwarme Bedingungen sind ein Paradies f\u00fcr Pilzkrankheiten aller Art und das Infektionsrisiko dementsprechend hoch. Die Trauben sind zwar f\u00fcr Mehltauinfektionen teilweise schon zu reif und f\u00fcr die ganz gro\u00dfe F\u00e4ulnisgefahr noch nicht reif genug, aber passieren kann immer etwas und der Mehltau kann ja auch die Bl\u00e4tter befallen, die wir in den n\u00e4chsten Wochen noch dringend f\u00fcr die Reife und Qualit\u00e4t der Trauben ben\u00f6tigen. Der\u00a0 (ohnehin f\u00fcr Anfang n\u00e4chste Woche geplante) Pflanzenschutz hat deshalb oberste Priorit\u00e4t.<\/p>\n<p>Auch wenn sie gestern gute Dienste geleistet haben, sollten wir die Beikr\u00e4uter unter den St\u00f6cken in die Schranken weisen, bevor sie die Traubenzone erreichen. <a href=\"https:\/\/bernhard-fiedler.at\/weblog\/?p=76\">Mit mechanischen Mitteln<\/a> (d.h. ohne Herbizide) wird das auch einige Tage in Anspruch nehmen. Hoffentlich wachsen uns <a href=\"https:\/\/de.wikipedia.org\/wiki\/Melde\">Melde<\/a>, <a href=\"https:\/\/de.wikipedia.org\/wiki\/Amarant_%28Pflanzengattung%29\">Amarant<\/a> und Co. bis dahin nicht davon. Wenn sie eine gewisse Gr\u00f6\u00dfe erreicht haben, sind sie im Unterstockbereich mechanisch n\u00e4mlich kaum noch zu bek\u00e4mpfen und von Hand nur sehr m\u00fchsam.<\/p>\n<p>Unseren Reben verleiht der Regen und das warme Wetter ebenfalls einen f\u00fcr diese Jahreszeit eher ungew\u00f6hnlichen Wachstumsschub. Bevor die jetzt \u00fcppig wachsenden (<a href=\"https:\/\/bernhard-fiedler.at\/weblog\/?p=20\">Geiz-<\/a>)Triebe sich durch ihr Eigengewicht nach unten h\u00e4ngen und die Trauben beschatten werden wir also wohl ein weiteres Mal mit dem <a href=\"https:\/\/bernhard-fiedler.at\/weblog\/?p=264\">Laubschneider<\/a> durch unsere Weing\u00e4rten fahren m\u00fcssen.<\/p>\n<p>Wenig zu tun haben wir hingegen mit der Begr\u00fcnung zwischen den Rebzeilen. Die darf und soll \u00fcppig wachsen, um den Wasser- und N\u00e4hrstoff\u00fcberschu\u00df\u00a0 aufzunehmen, der eher der Erntemenge als der Qualit\u00e4t des 2014ers dient. au\u00dferdem sorgt eine \u00fcppige Gr\u00fcndecke f\u00fcr gute Befahrbarkeit unserer Weing\u00e4rten und mindert das Risiko von Bodenverdichtungen, wenn wir mit dem Befahren des nicht ganz abgetrockneten Bodens nicht l\u00e4nger warten k\u00f6nnen.<\/p>\n<p>Ich gehe davon aus, dass wir das alles gut in Griff bekommen und bin <a href=\"https:\/\/bernhard-fiedler.at\/weblog\/?p=5796\">nach wie vor<\/a> \u00fcberzeugt: 2014 wird ein interessanter Jahrgang!<\/p>\n<p><img loading=\"lazy\" decoding=\"async\" class=\"aligncenter size-full wp-image-5832\" src=\"https:\/\/bernhard-fiedler.at\/weblog\/wp-content\/uploads\/2014\/07\/Juli-2014.jpg\" alt=\"Juli 2014\" width=\"508\" height=\"371\" srcset=\"https:\/\/bernhard-fiedler.at\/weblog\/wp-content\/uploads\/2014\/07\/Juli-2014.jpg 508w, https:\/\/bernhard-fiedler.at\/weblog\/wp-content\/uploads\/2014\/07\/Juli-2014-300x219.jpg 300w\" sizes=\"auto, (max-width: 508px) 100vw, 508px\" \/><\/p>\n","protected":false},"excerpt":{"rendered":"<p>In den vergangenen 10 Tagen hat es fast jeden Tag und insgesamt rund 65 Liter pro Quadratmeter geregnet. Und als w\u00e4re das f\u00fcr diese Jahreszeit noch nicht ungew\u00f6hnlich genug, sind allein gestern nochmal zwischen 90 und 110 Liter (!) dazugekommen. (Eine genauere Messung war angesichts der Umst\u00e4nde nicht m\u00f6glich, ist bei der Menge aber ohnehin &#8230; <a title=\"Reichlich\" class=\"read-more\" href=\"https:\/\/bernhard-fiedler.at\/weblog\/?p=5817\" aria-label=\"Mehr Informationen \u00fcber Reichlich\">Weiterlesen<\/a><\/p>\n","protected":false},"author":2,"featured_media":0,"comment_status":"open","ping_status":"open","sticky":false,"template":"","format":"standard","meta":{"footnotes":""},"categories":[8],"tags":[],"class_list":["post-5817","post","type-post","status-publish","format-standard","hentry","category-das-wetter"],"_links":{"self":[{"href":"https:\/\/bernhard-fiedler.at\/weblog\/index.php?rest_route=\/wp\/v2\/posts\/5817","targetHints":{"allow":["GET"]}}],"collection":[{"href":"https:\/\/bernhard-fiedler.at\/weblog\/index.php?rest_route=\/wp\/v2\/posts"}],"about":[{"href":"https:\/\/bernhard-fiedler.at\/weblog\/index.php?rest_route=\/wp\/v2\/types\/post"}],"author":[{"embeddable":true,"href":"https:\/\/bernhard-fiedler.at\/weblog\/index.php?rest_route=\/wp\/v2\/users\/2"}],"replies":[{"embeddable":true,"href":"https:\/\/bernhard-fiedler.at\/weblog\/index.php?rest_route=%2Fwp%2Fv2%2Fcomments&post=5817"}],"version-history":[{"count":14,"href":"https:\/\/bernhard-fiedler.at\/weblog\/index.php?rest_route=\/wp\/v2\/posts\/5817\/revisions"}],"predecessor-version":[{"id":5834,"href":"https:\/\/bernhard-fiedler.at\/weblog\/index.php?rest_route=\/wp\/v2\/posts\/5817\/revisions\/5834"}],"wp:attachment":[{"href":"https:\/\/bernhard-fiedler.at\/weblog\/index.php?rest_route=%2Fwp%2Fv2%2Fmedia&parent=5817"}],"wp:term":[{"taxonomy":"category","embeddable":true,"href":"https:\/\/bernhard-fiedler.at\/weblog\/index.php?rest_route=%2Fwp%2Fv2%2Fcategories&post=5817"},{"taxonomy":"post_tag","embeddable":true,"href":"https:\/\/bernhard-fiedler.at\/weblog\/index.php?rest_route=%2Fwp%2Fv2%2Ftags&post=5817"}],"curies":[{"name":"wp","href":"https:\/\/api.w.org\/{rel}","templated":true}]}}