{"id":581,"date":"2008-05-21T20:35:39","date_gmt":"2008-05-21T19:35:39","guid":{"rendered":"http:\/\/www.bernhard-fiedler.at\/weblog\/?p=581"},"modified":"2008-05-21T20:35:39","modified_gmt":"2008-05-21T19:35:39","slug":"der-flug-der-storche","status":"publish","type":"post","link":"https:\/\/bernhard-fiedler.at\/weblog\/?p=581","title":{"rendered":"Der Flug der St\u00f6rche"},"content":{"rendered":"<p>In allen evangelischen Di\u00f6zesen finden traditionell am Fronleichnamstag die sogenannten <a href=\"http:\/\/www.evang.at\/index.php?id=1278&#038;backPID=68&#038;tt_news=1734\">Gustav-Adolf-Feste<\/a> statt. Im Burgenland ist heuer unsere benachbarte Kirchengemeinde in Rust der Veranstalter, gemeinsam mit dem Gustav-Adolf-Verein, der vorwiegend bei Renovierungen und Neubauten von Kirchen, Gemeinder\u00e4umen, Kinderg\u00e4rten und Schulen hilft, sowie verschiedene diakonische Einrichtungen evangelischer Minderheitskirchen in der ganzen Welt unterst\u00fctzt.<\/p>\n<p>Unter dem Motto &#8222;Der Flug der St\u00f6rche&#8220; dreht sich das ganze <a href=\"http:\/\/www.rust.at\/de\/c_tourismus\/TOU_tourismus.jsp?news=tcm:202-182149\">Tagesprogramm<\/a> um die Verbundenheit mit Afrika, mit dem wir nicht nur &#8222;unsere&#8220; St\u00f6rche teilen.<\/p>\n<p>Neben vielen anderen Programmpunkten wird am Nachmittag der Weg der St\u00f6rche auch mit dem in Rust naheliegenden Thema Wein verkn\u00fcpft. So gibt es f\u00fcr alle Interessierten nicht nur eine Kellerf\u00fchrung bei einem Ruster Winzerkollegen, sondern auch eine Verkostung von Weinen aus L\u00e4ndern, die die St\u00f6rche auf ihrem langen Flug vom Burgenland nach S\u00fcdafrika und wieder zur\u00fcck \u00fcberfliegen.<\/p>\n<p>Daf\u00fcr hat man mich (nat\u00fcrlich ehrenamtlich) engagiert, und weil ich damit ja noch nicht ausgelastet bin, werde ich am Vormittag auch noch bei der Kinderbetreuung aushelfen, die sich ebenfalls rund um Afrika und die St\u00f6rche dreht.<\/p>\n","protected":false},"excerpt":{"rendered":"<p>In allen evangelischen Di\u00f6zesen finden traditionell am Fronleichnamstag die sogenannten Gustav-Adolf-Feste statt. Im Burgenland ist heuer unsere benachbarte Kirchengemeinde in Rust der Veranstalter, gemeinsam mit dem Gustav-Adolf-Verein, der vorwiegend bei Renovierungen und Neubauten von Kirchen, Gemeinder\u00e4umen, Kinderg\u00e4rten und Schulen hilft, sowie verschiedene diakonische Einrichtungen evangelischer Minderheitskirchen in der ganzen Welt unterst\u00fctzt. Unter dem Motto &#8222;Der &#8230; <a title=\"Der Flug der St\u00f6rche\" class=\"read-more\" href=\"https:\/\/bernhard-fiedler.at\/weblog\/?p=581\" aria-label=\"Mehr Informationen \u00fcber Der Flug der St\u00f6rche\">Weiterlesen<\/a><\/p>\n","protected":false},"author":2,"featured_media":0,"comment_status":"open","ping_status":"open","sticky":false,"template":"","format":"standard","meta":{"footnotes":""},"categories":[1],"tags":[],"class_list":["post-581","post","type-post","status-publish","format-standard","hentry","category-allgemein"],"_links":{"self":[{"href":"https:\/\/bernhard-fiedler.at\/weblog\/index.php?rest_route=\/wp\/v2\/posts\/581","targetHints":{"allow":["GET"]}}],"collection":[{"href":"https:\/\/bernhard-fiedler.at\/weblog\/index.php?rest_route=\/wp\/v2\/posts"}],"about":[{"href":"https:\/\/bernhard-fiedler.at\/weblog\/index.php?rest_route=\/wp\/v2\/types\/post"}],"author":[{"embeddable":true,"href":"https:\/\/bernhard-fiedler.at\/weblog\/index.php?rest_route=\/wp\/v2\/users\/2"}],"replies":[{"embeddable":true,"href":"https:\/\/bernhard-fiedler.at\/weblog\/index.php?rest_route=%2Fwp%2Fv2%2Fcomments&post=581"}],"version-history":[{"count":0,"href":"https:\/\/bernhard-fiedler.at\/weblog\/index.php?rest_route=\/wp\/v2\/posts\/581\/revisions"}],"wp:attachment":[{"href":"https:\/\/bernhard-fiedler.at\/weblog\/index.php?rest_route=%2Fwp%2Fv2%2Fmedia&parent=581"}],"wp:term":[{"taxonomy":"category","embeddable":true,"href":"https:\/\/bernhard-fiedler.at\/weblog\/index.php?rest_route=%2Fwp%2Fv2%2Fcategories&post=581"},{"taxonomy":"post_tag","embeddable":true,"href":"https:\/\/bernhard-fiedler.at\/weblog\/index.php?rest_route=%2Fwp%2Fv2%2Ftags&post=581"}],"curies":[{"name":"wp","href":"https:\/\/api.w.org\/{rel}","templated":true}]}}