{"id":5710,"date":"2014-04-06T13:09:19","date_gmt":"2014-04-06T12:09:19","guid":{"rendered":"http:\/\/www.bernhard-fiedler.at\/weblog\/?p=5710"},"modified":"2014-04-06T13:09:19","modified_gmt":"2014-04-06T12:09:19","slug":"denkwuerdige-jahrgaenge-1977","status":"publish","type":"post","link":"https:\/\/bernhard-fiedler.at\/weblog\/?p=5710","title":{"rendered":"Denkw\u00fcrdige Jahrg\u00e4nge: 1977"},"content":{"rendered":"<p style=\"text-align: center;\"><img loading=\"lazy\" decoding=\"async\" class=\"aligncenter  wp-image-3871\" style=\"border: 0px currentColor;\" title=\"Sp\u00e4tfrost\" alt=\"\" src=\"https:\/\/bernhard-fiedler.at\/weblog\/wp-content\/uploads\/2011\/05\/Sp\u00e4tfrost1-bearbeitet.jpg\" width=\"508\" height=\"247\" srcset=\"https:\/\/bernhard-fiedler.at\/weblog\/wp-content\/uploads\/2011\/05\/Sp\u00e4tfrost1-bearbeitet.jpg 508w, https:\/\/bernhard-fiedler.at\/weblog\/wp-content\/uploads\/2011\/05\/Sp\u00e4tfrost1-bearbeitet-300x145.jpg 300w\" sizes=\"auto, (max-width: 508px) 100vw, 508px\" \/><\/p>\n<p>Die derzeitige &#8211; au\u00dfergew\u00f6hnlich fr\u00fche &#8211; Entwicklung in den Weing\u00e4rten weckt Erinnerungen an den Jahrgang 1977. Ein warmer M\u00e4rz hatte damals zu einem besonders fr\u00fchen Austrieb der Reben gef\u00fchrt, und schon Mitte des Monats waren die jungen Triebe der fr\u00fchen Sorten in den besten (fr\u00fchesten) Lagen einige Zentimeter lang.<\/p>\n<p>Ende M\u00e4rz fielen die Temperaturen wieder auf der Jahreszeit eher entsprechende Werte und erreichten ihren Tiefpunkt bei etwa -5 bis -6\u00b0C. F\u00fcr die allermeisten Triebe in den allermeisten unserer Weing\u00e4rten war das deutlich zu kalt und massive Sp\u00e4tfrostsch\u00e4den waren die Folge.<\/p>\n<p>Die betroffenen St\u00f6cke trieben danach zwar wieder aus, bildeten allerdings kaum Trauben und die Erntemenge war verschwindend gering.<\/p>\n<p>Einen nennenswerten Ertrag konnten wir lediglich bei der sehr sp\u00e4ten Sorte Welschriesling einfahren (deren Knospen noch klein genug waren, um in der Wolle vor den Temperaturen gesch\u00fctzt zu sein), und in einem Weingarten au\u00dferhalb unseres Gemeindegebietes (der aufgrund der schlechten Lage deutlich sp\u00e4ter dran war und den wir seit mehr als 10 Jahren nicht mehr bewirtschaften).<\/p>\n<p>Genaue eigene Zahlen habe ich dazu leider nicht, aber von einem Kollegen gibt es die glaubw\u00fcrdige Erz\u00e4hlung, dass er vom 1977er statt durchschnittlicher 15.000 Liter nur 3.000 Liter Wein im Keller hatte.<\/p>\n","protected":false},"excerpt":{"rendered":"<p>Die derzeitige &#8211; au\u00dfergew\u00f6hnlich fr\u00fche &#8211; Entwicklung in den Weing\u00e4rten weckt Erinnerungen an den Jahrgang 1977. Ein warmer M\u00e4rz hatte damals zu einem besonders fr\u00fchen Austrieb der Reben gef\u00fchrt, und schon Mitte des Monats waren die jungen Triebe der fr\u00fchen Sorten in den besten (fr\u00fchesten) Lagen einige Zentimeter lang. Ende M\u00e4rz fielen die Temperaturen wieder &#8230; <a title=\"Denkw\u00fcrdige Jahrg\u00e4nge: 1977\" class=\"read-more\" href=\"https:\/\/bernhard-fiedler.at\/weblog\/?p=5710\" aria-label=\"Mehr Informationen \u00fcber Denkw\u00fcrdige Jahrg\u00e4nge: 1977\">Weiterlesen<\/a><\/p>\n","protected":false},"author":2,"featured_media":0,"comment_status":"open","ping_status":"open","sticky":false,"template":"","format":"standard","meta":{"footnotes":""},"categories":[24],"tags":[],"class_list":["post-5710","post","type-post","status-publish","format-standard","hentry","category-denkwurdige-jahrgange"],"_links":{"self":[{"href":"https:\/\/bernhard-fiedler.at\/weblog\/index.php?rest_route=\/wp\/v2\/posts\/5710","targetHints":{"allow":["GET"]}}],"collection":[{"href":"https:\/\/bernhard-fiedler.at\/weblog\/index.php?rest_route=\/wp\/v2\/posts"}],"about":[{"href":"https:\/\/bernhard-fiedler.at\/weblog\/index.php?rest_route=\/wp\/v2\/types\/post"}],"author":[{"embeddable":true,"href":"https:\/\/bernhard-fiedler.at\/weblog\/index.php?rest_route=\/wp\/v2\/users\/2"}],"replies":[{"embeddable":true,"href":"https:\/\/bernhard-fiedler.at\/weblog\/index.php?rest_route=%2Fwp%2Fv2%2Fcomments&post=5710"}],"version-history":[{"count":3,"href":"https:\/\/bernhard-fiedler.at\/weblog\/index.php?rest_route=\/wp\/v2\/posts\/5710\/revisions"}],"predecessor-version":[{"id":5713,"href":"https:\/\/bernhard-fiedler.at\/weblog\/index.php?rest_route=\/wp\/v2\/posts\/5710\/revisions\/5713"}],"wp:attachment":[{"href":"https:\/\/bernhard-fiedler.at\/weblog\/index.php?rest_route=%2Fwp%2Fv2%2Fmedia&parent=5710"}],"wp:term":[{"taxonomy":"category","embeddable":true,"href":"https:\/\/bernhard-fiedler.at\/weblog\/index.php?rest_route=%2Fwp%2Fv2%2Fcategories&post=5710"},{"taxonomy":"post_tag","embeddable":true,"href":"https:\/\/bernhard-fiedler.at\/weblog\/index.php?rest_route=%2Fwp%2Fv2%2Ftags&post=5710"}],"curies":[{"name":"wp","href":"https:\/\/api.w.org\/{rel}","templated":true}]}}