{"id":5696,"date":"2014-03-10T20:48:42","date_gmt":"2014-03-10T19:48:42","guid":{"rendered":"http:\/\/www.bernhard-fiedler.at\/weblog\/?p=5696"},"modified":"2014-03-10T20:48:42","modified_gmt":"2014-03-10T19:48:42","slug":"mandelbluetenstatistik","status":"publish","type":"post","link":"https:\/\/bernhard-fiedler.at\/weblog\/?p=5696","title":{"rendered":"Mandelbl\u00fctenstatistik"},"content":{"rendered":"<p style=\"text-align: center;\"><img loading=\"lazy\" decoding=\"async\" class=\"aligncenter  wp-image-5254\" style=\"border: 0px currentColor;\" title=\"Mandelbl\u00fcte\" alt=\"\" src=\"https:\/\/bernhard-fiedler.at\/weblog\/wp-content\/uploads\/2013\/04\/Mandelbl\u00fcte-2-bearbeitet.jpg\" width=\"508\" height=\"402\" srcset=\"https:\/\/bernhard-fiedler.at\/weblog\/wp-content\/uploads\/2013\/04\/Mandelbl\u00fcte-2-bearbeitet.jpg 508w, https:\/\/bernhard-fiedler.at\/weblog\/wp-content\/uploads\/2013\/04\/Mandelbl\u00fcte-2-bearbeitet-300x237.jpg 300w\" sizes=\"auto, (max-width: 508px) 100vw, 508px\" \/><\/p>\n<p>Nachdem es im J\u00e4nner schon beinahe soweit gewesen w\u00e4re, haben sich vor knapp zwei Wochen sch\u00fcchtern die ersten Mandelbl\u00fcten ge\u00f6ffnet. Mittlerweile zeigen auch die Sp\u00e4tz\u00fcnder ihre ganze Pracht, rund einen Monat fr\u00fcher als <a href=\"https:\/\/bernhard-fiedler.at\/weblog\/?p=5253\">2013<\/a>.<\/p>\n<p>Die heurige Vegetationsperiode beginnt damit zweifellos fr\u00fch, allerdings nicht so fr\u00fch, wie <a href=\"https:\/\/bernhard-fiedler.at\/weblog\/?p=4661\">z.B. 2007<\/a>. Eine sp\u00e4te Weinlese ist nach diesem Beginn zwar eher unwahrscheinlich, ob es aber eine besonders fr\u00fche wird, kann man davon allerdings ebensowenig ableiten wie die potentielle Qualit\u00e4t der Ernte. Viel zu viel kann bis dahin noch passieren&#8230;<\/p>\n<p>&nbsp;<\/p>\n","protected":false},"excerpt":{"rendered":"<p>Nachdem es im J\u00e4nner schon beinahe soweit gewesen w\u00e4re, haben sich vor knapp zwei Wochen sch\u00fcchtern die ersten Mandelbl\u00fcten ge\u00f6ffnet. Mittlerweile zeigen auch die Sp\u00e4tz\u00fcnder ihre ganze Pracht, rund einen Monat fr\u00fcher als 2013. Die heurige Vegetationsperiode beginnt damit zweifellos fr\u00fch, allerdings nicht so fr\u00fch, wie z.B. 2007. Eine sp\u00e4te Weinlese ist nach diesem Beginn &#8230; <a title=\"Mandelbl\u00fctenstatistik\" class=\"read-more\" href=\"https:\/\/bernhard-fiedler.at\/weblog\/?p=5696\" aria-label=\"Mehr Informationen \u00fcber Mandelbl\u00fctenstatistik\">Weiterlesen<\/a><\/p>\n","protected":false},"author":2,"featured_media":0,"comment_status":"open","ping_status":"open","sticky":false,"template":"","format":"standard","meta":{"footnotes":""},"categories":[8],"tags":[],"class_list":["post-5696","post","type-post","status-publish","format-standard","hentry","category-das-wetter"],"_links":{"self":[{"href":"https:\/\/bernhard-fiedler.at\/weblog\/index.php?rest_route=\/wp\/v2\/posts\/5696","targetHints":{"allow":["GET"]}}],"collection":[{"href":"https:\/\/bernhard-fiedler.at\/weblog\/index.php?rest_route=\/wp\/v2\/posts"}],"about":[{"href":"https:\/\/bernhard-fiedler.at\/weblog\/index.php?rest_route=\/wp\/v2\/types\/post"}],"author":[{"embeddable":true,"href":"https:\/\/bernhard-fiedler.at\/weblog\/index.php?rest_route=\/wp\/v2\/users\/2"}],"replies":[{"embeddable":true,"href":"https:\/\/bernhard-fiedler.at\/weblog\/index.php?rest_route=%2Fwp%2Fv2%2Fcomments&post=5696"}],"version-history":[{"count":2,"href":"https:\/\/bernhard-fiedler.at\/weblog\/index.php?rest_route=\/wp\/v2\/posts\/5696\/revisions"}],"predecessor-version":[{"id":5699,"href":"https:\/\/bernhard-fiedler.at\/weblog\/index.php?rest_route=\/wp\/v2\/posts\/5696\/revisions\/5699"}],"wp:attachment":[{"href":"https:\/\/bernhard-fiedler.at\/weblog\/index.php?rest_route=%2Fwp%2Fv2%2Fmedia&parent=5696"}],"wp:term":[{"taxonomy":"category","embeddable":true,"href":"https:\/\/bernhard-fiedler.at\/weblog\/index.php?rest_route=%2Fwp%2Fv2%2Fcategories&post=5696"},{"taxonomy":"post_tag","embeddable":true,"href":"https:\/\/bernhard-fiedler.at\/weblog\/index.php?rest_route=%2Fwp%2Fv2%2Ftags&post=5696"}],"curies":[{"name":"wp","href":"https:\/\/api.w.org\/{rel}","templated":true}]}}