{"id":5654,"date":"2014-01-09T21:31:03","date_gmt":"2014-01-09T20:31:03","guid":{"rendered":"http:\/\/www.bernhard-fiedler.at\/weblog\/?p=5654"},"modified":"2014-01-09T21:31:48","modified_gmt":"2014-01-09T20:31:48","slug":"rebschnitt","status":"publish","type":"post","link":"https:\/\/bernhard-fiedler.at\/weblog\/?p=5654","title":{"rendered":"Rebschnitt"},"content":{"rendered":"<p style=\"text-align: center;\"><img loading=\"lazy\" decoding=\"async\" class=\"aligncenter  wp-image-5655\" style=\"border: 0px currentColor;\" title=\"Foto: \u00d6WM\/Lukan\" alt=\"\" src=\"https:\/\/bernhard-fiedler.at\/weblog\/wp-content\/uploads\/2014\/01\/Winterlandschaft-3-\u00d6WM-Lukan-komprimiert.jpg\" width=\"508\" height=\"342\" srcset=\"https:\/\/bernhard-fiedler.at\/weblog\/wp-content\/uploads\/2014\/01\/Winterlandschaft-3-\u00d6WM-Lukan-komprimiert.jpg 508w, https:\/\/bernhard-fiedler.at\/weblog\/wp-content\/uploads\/2014\/01\/Winterlandschaft-3-\u00d6WM-Lukan-komprimiert-300x201.jpg 300w\" sizes=\"auto, (max-width: 508px) 100vw, 508px\" \/><\/p>\n<p>Auch wenn wir schon im Dezember ein paar Stunden drau\u00dfen waren, geht es jetzt erst so richtig los mit dem Rebschnitt. Idealerweise sollte zuvor der erste Frost die Reben zum Bunkern ihrer Reservestoffe im alten Holz bewegen, damit diese nicht (teilweise) mit dem Schnittholz auf dem Boden landen.<\/p>\n<p>Weil aber weit und breit kein richtiger Winter in Aussicht ist, und es einige Wochen dauert, bis wir mit dem Schneiden fertig sind, k\u00f6nnen wir nicht l\u00e4nger warten. Hoffentlich bescheren uns die n\u00e4chsten Wochen keinen abrupten Kaltlufteinbruch, der nach dem fr\u00fchlingshaften Jahresbeginn wohl zu starken Frostsch\u00e4den f\u00fchren w\u00fcrde.<\/p>\n<p>Obwohl der Rebschnitt Qualit\u00e4t und Quantit\u00e4t der Ernte stark beeinflu\u00dft, wird er im Vergleich zu anderen Arbeiten im Verlauf des Weinjahres kaum thematisiert. Schon vor ein paar Jahren habe ich versucht, das ein wenig zu \u00e4ndern und diese kleine Serie gebloggt:<\/p>\n<p>1. <a href=\"https:\/\/bernhard-fiedler.at\/weblog\/?p=461\">\u00dcbersicht<\/a><\/p>\n<p>2. <a href=\"https:\/\/bernhard-fiedler.at\/weblog\/?p=466\">Rebschnitt, warum?<\/a><\/p>\n<p>3. <a href=\"https:\/\/bernhard-fiedler.at\/weblog\/?p=469\">Erziehung und Schnitt<\/a><\/p>\n<p>4. <a href=\"https:\/\/bernhard-fiedler.at\/weblog\/?p=480\">Der Bogenschnitt (Guyot)<\/a><\/p>\n<p>5. <a href=\"https:\/\/bernhard-fiedler.at\/weblog\/?p=525\">Kordonschnitt<\/a><\/p>\n<p>6. <a href=\"https:\/\/bernhard-fiedler.at\/weblog\/?p=528\">Wann und wie?<\/a><\/p>\n<p>7. <a href=\"https:\/\/bernhard-fiedler.at\/weblog\/?p=550\">Minimal Pruning<\/a><\/p>\n<p>8. <a href=\"https:\/\/bernhard-fiedler.at\/weblog\/?p=2258\">Rebschnitt leicht(er) gemacht<\/a><\/p>\n<p>9. <a href=\"https:\/\/bernhard-fiedler.at\/weblog\/?p=211\">Rebholzzerkleinerung<\/a><\/p>\n","protected":false},"excerpt":{"rendered":"<p>Auch wenn wir schon im Dezember ein paar Stunden drau\u00dfen waren, geht es jetzt erst so richtig los mit dem Rebschnitt. Idealerweise sollte zuvor der erste Frost die Reben zum Bunkern ihrer Reservestoffe im alten Holz bewegen, damit diese nicht (teilweise) mit dem Schnittholz auf dem Boden landen. Weil aber weit und breit kein richtiger &#8230; <a title=\"Rebschnitt\" class=\"read-more\" href=\"https:\/\/bernhard-fiedler.at\/weblog\/?p=5654\" aria-label=\"Mehr Informationen \u00fcber Rebschnitt\">Weiterlesen<\/a><\/p>\n","protected":false},"author":2,"featured_media":0,"comment_status":"open","ping_status":"open","sticky":false,"template":"","format":"standard","meta":{"footnotes":""},"categories":[3],"tags":[],"class_list":["post-5654","post","type-post","status-publish","format-standard","hentry","category-im-weingarten"],"_links":{"self":[{"href":"https:\/\/bernhard-fiedler.at\/weblog\/index.php?rest_route=\/wp\/v2\/posts\/5654","targetHints":{"allow":["GET"]}}],"collection":[{"href":"https:\/\/bernhard-fiedler.at\/weblog\/index.php?rest_route=\/wp\/v2\/posts"}],"about":[{"href":"https:\/\/bernhard-fiedler.at\/weblog\/index.php?rest_route=\/wp\/v2\/types\/post"}],"author":[{"embeddable":true,"href":"https:\/\/bernhard-fiedler.at\/weblog\/index.php?rest_route=\/wp\/v2\/users\/2"}],"replies":[{"embeddable":true,"href":"https:\/\/bernhard-fiedler.at\/weblog\/index.php?rest_route=%2Fwp%2Fv2%2Fcomments&post=5654"}],"version-history":[{"count":7,"href":"https:\/\/bernhard-fiedler.at\/weblog\/index.php?rest_route=\/wp\/v2\/posts\/5654\/revisions"}],"predecessor-version":[{"id":5662,"href":"https:\/\/bernhard-fiedler.at\/weblog\/index.php?rest_route=\/wp\/v2\/posts\/5654\/revisions\/5662"}],"wp:attachment":[{"href":"https:\/\/bernhard-fiedler.at\/weblog\/index.php?rest_route=%2Fwp%2Fv2%2Fmedia&parent=5654"}],"wp:term":[{"taxonomy":"category","embeddable":true,"href":"https:\/\/bernhard-fiedler.at\/weblog\/index.php?rest_route=%2Fwp%2Fv2%2Fcategories&post=5654"},{"taxonomy":"post_tag","embeddable":true,"href":"https:\/\/bernhard-fiedler.at\/weblog\/index.php?rest_route=%2Fwp%2Fv2%2Ftags&post=5654"}],"curies":[{"name":"wp","href":"https:\/\/api.w.org\/{rel}","templated":true}]}}