{"id":563,"date":"2008-04-21T20:04:26","date_gmt":"2008-04-21T19:04:26","guid":{"rendered":"http:\/\/www.bernhard-fiedler.at\/weblog\/?p=563"},"modified":"2008-04-21T20:04:26","modified_gmt":"2008-04-21T19:04:26","slug":"so-schaut%c2%b4s-aus","status":"publish","type":"post","link":"https:\/\/bernhard-fiedler.at\/weblog\/?p=563","title":{"rendered":"So schaut\u00b4s aus!"},"content":{"rendered":"<p><img src='https:\/\/bernhard-fiedler.at\/weblog\/wp-content\/uploads\/2008\/04\/austrieb2008.jpg' alt='Austrieb in gesch\u00fctzter Lage am 21. April 2008' \/><\/p>\n<p>Die milden Temperaturen der letzten Tage habe den Austrieb der Reben deutlich beschleunigt. In einer Woche werden wir wohl bei den ganz jungen Weing\u00e4rten damit beginnen, <a href=\"https:\/\/bernhard-fiedler.at\/weblog\/?p=237\">die unerw\u00fcnschten Triebe wegzubrechen<\/a>.<\/p>\n<p>Der heutige Regen hat den oberfl\u00e4chlich schon sehr ausgetrockneten Boden wieder aufgeweicht, und nachdem in den letzten Wochen nicht an eine Bodenbearbeitung zu denken war, k\u00f6nnen wir nun daran gehen, die <a href=\"https:\/\/bernhard-fiedler.at\/weblog\/?p=321\">Erosionssch\u00e4den vom vergangenen Sommer<\/a> zu beseitigen.<\/p>\n","protected":false},"excerpt":{"rendered":"<p>Die milden Temperaturen der letzten Tage habe den Austrieb der Reben deutlich beschleunigt. In einer Woche werden wir wohl bei den ganz jungen Weing\u00e4rten damit beginnen, die unerw\u00fcnschten Triebe wegzubrechen. Der heutige Regen hat den oberfl\u00e4chlich schon sehr ausgetrockneten Boden wieder aufgeweicht, und nachdem in den letzten Wochen nicht an eine Bodenbearbeitung zu denken war, &#8230; <a title=\"So schaut\u00b4s aus!\" class=\"read-more\" href=\"https:\/\/bernhard-fiedler.at\/weblog\/?p=563\" aria-label=\"Mehr Informationen \u00fcber So schaut\u00b4s aus!\">Weiterlesen<\/a><\/p>\n","protected":false},"author":2,"featured_media":0,"comment_status":"open","ping_status":"open","sticky":false,"template":"","format":"standard","meta":{"footnotes":""},"categories":[3],"tags":[],"class_list":["post-563","post","type-post","status-publish","format-standard","hentry","category-im-weingarten"],"_links":{"self":[{"href":"https:\/\/bernhard-fiedler.at\/weblog\/index.php?rest_route=\/wp\/v2\/posts\/563","targetHints":{"allow":["GET"]}}],"collection":[{"href":"https:\/\/bernhard-fiedler.at\/weblog\/index.php?rest_route=\/wp\/v2\/posts"}],"about":[{"href":"https:\/\/bernhard-fiedler.at\/weblog\/index.php?rest_route=\/wp\/v2\/types\/post"}],"author":[{"embeddable":true,"href":"https:\/\/bernhard-fiedler.at\/weblog\/index.php?rest_route=\/wp\/v2\/users\/2"}],"replies":[{"embeddable":true,"href":"https:\/\/bernhard-fiedler.at\/weblog\/index.php?rest_route=%2Fwp%2Fv2%2Fcomments&post=563"}],"version-history":[{"count":0,"href":"https:\/\/bernhard-fiedler.at\/weblog\/index.php?rest_route=\/wp\/v2\/posts\/563\/revisions"}],"wp:attachment":[{"href":"https:\/\/bernhard-fiedler.at\/weblog\/index.php?rest_route=%2Fwp%2Fv2%2Fmedia&parent=563"}],"wp:term":[{"taxonomy":"category","embeddable":true,"href":"https:\/\/bernhard-fiedler.at\/weblog\/index.php?rest_route=%2Fwp%2Fv2%2Fcategories&post=563"},{"taxonomy":"post_tag","embeddable":true,"href":"https:\/\/bernhard-fiedler.at\/weblog\/index.php?rest_route=%2Fwp%2Fv2%2Ftags&post=563"}],"curies":[{"name":"wp","href":"https:\/\/api.w.org\/{rel}","templated":true}]}}