{"id":5432,"date":"2013-07-24T21:17:57","date_gmt":"2013-07-24T20:17:57","guid":{"rendered":"http:\/\/www.bernhard-fiedler.at\/weblog\/?p=5432"},"modified":"2013-07-24T21:17:57","modified_gmt":"2013-07-24T20:17:57","slug":"umfarbung","status":"publish","type":"post","link":"https:\/\/bernhard-fiedler.at\/weblog\/?p=5432","title":{"rendered":"Umf\u00e4rbung"},"content":{"rendered":"<p style=\"text-align: center;\"><img loading=\"lazy\" decoding=\"async\" class=\"aligncenter size-full wp-image-1554\" style=\"border: 0px none;\" title=\"Beginn der Umf\u00e4rbung beim Zweigelt\" alt=\"\" src=\"https:\/\/bernhard-fiedler.at\/weblog\/wp-content\/uploads\/2009\/07\/umfarbung1-komprimiert.jpg\" width=\"508\" height=\"381\" \/><\/p>\n<p>Am vergangenen Montag, dem 22. Juli habe ich die ersten blauen Beeren beim Zweigelt entdeckt. Nach der Bl\u00fcte ist das die zweite gute Gelegenheit, den aktuellen Vegetationsstand zu beurteilen.<\/p>\n<p>Wie der Vergleich mit anderen Jahrg\u00e4ngen zeigt, haben sich die Trauben seit der Bl\u00fcte in normalem Tempo weiterentwickelt, und wenn das in etwa so weitergeht, ist mit einem Erntebeginn um den 20. September zu rechnen.<\/p>\n<p>Zeit genug also f\u00fcr einen gem\u00e4chlichen, aber ausgiebigen Regen und eine etwas k\u00fchlere Reifephase als die derzeitige Hitzewelle (die noch bis weit in die n\u00e4chste Woche anhalten soll und uns am Wochenende 39\u00b0C bescheren k\u00f6nnte.<\/p>\n","protected":false},"excerpt":{"rendered":"<p>Am vergangenen Montag, dem 22. Juli habe ich die ersten blauen Beeren beim Zweigelt entdeckt. Nach der Bl\u00fcte ist das die zweite gute Gelegenheit, den aktuellen Vegetationsstand zu beurteilen. Wie der Vergleich mit anderen Jahrg\u00e4ngen zeigt, haben sich die Trauben seit der Bl\u00fcte in normalem Tempo weiterentwickelt, und wenn das in etwa so weitergeht, ist &#8230; <a title=\"Umf\u00e4rbung\" class=\"read-more\" href=\"https:\/\/bernhard-fiedler.at\/weblog\/?p=5432\" aria-label=\"Mehr Informationen \u00fcber Umf\u00e4rbung\">Weiterlesen<\/a><\/p>\n","protected":false},"author":2,"featured_media":0,"comment_status":"open","ping_status":"open","sticky":false,"template":"","format":"standard","meta":{"footnotes":""},"categories":[3],"tags":[],"class_list":["post-5432","post","type-post","status-publish","format-standard","hentry","category-im-weingarten"],"_links":{"self":[{"href":"https:\/\/bernhard-fiedler.at\/weblog\/index.php?rest_route=\/wp\/v2\/posts\/5432","targetHints":{"allow":["GET"]}}],"collection":[{"href":"https:\/\/bernhard-fiedler.at\/weblog\/index.php?rest_route=\/wp\/v2\/posts"}],"about":[{"href":"https:\/\/bernhard-fiedler.at\/weblog\/index.php?rest_route=\/wp\/v2\/types\/post"}],"author":[{"embeddable":true,"href":"https:\/\/bernhard-fiedler.at\/weblog\/index.php?rest_route=\/wp\/v2\/users\/2"}],"replies":[{"embeddable":true,"href":"https:\/\/bernhard-fiedler.at\/weblog\/index.php?rest_route=%2Fwp%2Fv2%2Fcomments&post=5432"}],"version-history":[{"count":3,"href":"https:\/\/bernhard-fiedler.at\/weblog\/index.php?rest_route=\/wp\/v2\/posts\/5432\/revisions"}],"predecessor-version":[{"id":5435,"href":"https:\/\/bernhard-fiedler.at\/weblog\/index.php?rest_route=\/wp\/v2\/posts\/5432\/revisions\/5435"}],"wp:attachment":[{"href":"https:\/\/bernhard-fiedler.at\/weblog\/index.php?rest_route=%2Fwp%2Fv2%2Fmedia&parent=5432"}],"wp:term":[{"taxonomy":"category","embeddable":true,"href":"https:\/\/bernhard-fiedler.at\/weblog\/index.php?rest_route=%2Fwp%2Fv2%2Fcategories&post=5432"},{"taxonomy":"post_tag","embeddable":true,"href":"https:\/\/bernhard-fiedler.at\/weblog\/index.php?rest_route=%2Fwp%2Fv2%2Ftags&post=5432"}],"curies":[{"name":"wp","href":"https:\/\/api.w.org\/{rel}","templated":true}]}}