{"id":542,"date":"2008-03-25T22:09:32","date_gmt":"2008-03-25T21:09:32","guid":{"rendered":"http:\/\/www.bernhard-fiedler.at\/weblog\/?p=542"},"modified":"2008-03-25T22:11:34","modified_gmt":"2008-03-25T21:11:34","slug":"wasserstand","status":"publish","type":"post","link":"https:\/\/bernhard-fiedler.at\/weblog\/?p=542","title":{"rendered":"Wasserstand"},"content":{"rendered":"<p><img src='https:\/\/bernhard-fiedler.at\/weblog\/wp-content\/uploads\/2008\/03\/seestimmung-komprimiert.jpg' alt='Seestimmung' \/><br \/>\nFoto: <a href=\"http:\/\/www.weinburgenland.at\">Wein Burgenland<\/a>\/<a href=\"http:\/\/www.lichtmale.at\/\">Lukan<\/a><\/p>\n<p>Der Neusiedlersee vor unserer Haust\u00fcr ist nicht nur f\u00fcr unsere Reben wichtig. Umso erfreulicher ist es, dass sich sein Wasserstand, der steppensee-typisch stark schwankt, nach dem Tiefststand im Trockenjahr 2003 wieder deutlich erholt hat.<\/p>\n<p>Wie man <a href=\"http:\/\/www.byc.at\/wetter\/rust\/wasserstand\/?drop_jahr=2008\">hier<\/a> sehen kann, liegt der (vorl\u00e4ufige) M\u00e4rz-Pegel bei 115,69 Meter \u00fcber der Adria. In 86 Prozent der Jahre seit 1965 lag er um diese Jahreszeit (die fast immer auch den Jahresh\u00f6chststand mit sich bringt) niedriger.<\/p>\n<p>In <a href=\"http:\/\/www.byc.at\/wetter\/rust\/wasserstand\/?start=200001&#038;end=200803\">dieser<\/a> Wasserstandskurve seit J\u00e4nner 2000 sieht man nicht nur die starke jahreszeitlich bedingten Schwankungen, sondern auch den Tiefstand von 2003 und die Aufw\u00e4rtsentwicklung seither.<\/p>\n<p><a href=\"http:\/\/www.byc.at\/wetter\/rust\/wasserstand\/?start=199401&#038;end=199712\">Hier<\/a> kann man das \u00dcberschwemmungsjahr 1995 sch\u00f6n erkennen, das unsere mittlerweile gerodeten seenahen Weing\u00e4rten sowohl im Fr\u00fchjahr als auch bei der Lese teilweise unter 20 cm Wasser gesetzt hat.<\/p>\n<p>Und auch das <a href=\"http:\/\/www.byc.at\/wetter\/rust\/wasserstand\/?start=193201&#038;end=200803\">Gesamtbild seit 1932<\/a> ist sehr eindrucksvoll. Nicht zuletzt, weil man die Auswirkungen der <a href=\"http:\/\/www.byc.at\/neusiedler_see\/wasserstand\/Die-Wasserstandsregulierung-am-EinserKanal--a459.html\">Wasserstandsregulierung<\/a> seit 1965 sehr deutlich erkennen kann.<\/p>\n","protected":false},"excerpt":{"rendered":"<p>Foto: Wein Burgenland\/Lukan Der Neusiedlersee vor unserer Haust\u00fcr ist nicht nur f\u00fcr unsere Reben wichtig. Umso erfreulicher ist es, dass sich sein Wasserstand, der steppensee-typisch stark schwankt, nach dem Tiefststand im Trockenjahr 2003 wieder deutlich erholt hat. Wie man hier sehen kann, liegt der (vorl\u00e4ufige) M\u00e4rz-Pegel bei 115,69 Meter \u00fcber der Adria. In 86 Prozent &#8230; <a title=\"Wasserstand\" class=\"read-more\" href=\"https:\/\/bernhard-fiedler.at\/weblog\/?p=542\" aria-label=\"Mehr Informationen \u00fcber Wasserstand\">Weiterlesen<\/a><\/p>\n","protected":false},"author":2,"featured_media":0,"comment_status":"open","ping_status":"open","sticky":false,"template":"","format":"standard","meta":{"footnotes":""},"categories":[8],"tags":[],"class_list":["post-542","post","type-post","status-publish","format-standard","hentry","category-das-wetter"],"_links":{"self":[{"href":"https:\/\/bernhard-fiedler.at\/weblog\/index.php?rest_route=\/wp\/v2\/posts\/542","targetHints":{"allow":["GET"]}}],"collection":[{"href":"https:\/\/bernhard-fiedler.at\/weblog\/index.php?rest_route=\/wp\/v2\/posts"}],"about":[{"href":"https:\/\/bernhard-fiedler.at\/weblog\/index.php?rest_route=\/wp\/v2\/types\/post"}],"author":[{"embeddable":true,"href":"https:\/\/bernhard-fiedler.at\/weblog\/index.php?rest_route=\/wp\/v2\/users\/2"}],"replies":[{"embeddable":true,"href":"https:\/\/bernhard-fiedler.at\/weblog\/index.php?rest_route=%2Fwp%2Fv2%2Fcomments&post=542"}],"version-history":[{"count":0,"href":"https:\/\/bernhard-fiedler.at\/weblog\/index.php?rest_route=\/wp\/v2\/posts\/542\/revisions"}],"wp:attachment":[{"href":"https:\/\/bernhard-fiedler.at\/weblog\/index.php?rest_route=%2Fwp%2Fv2%2Fmedia&parent=542"}],"wp:term":[{"taxonomy":"category","embeddable":true,"href":"https:\/\/bernhard-fiedler.at\/weblog\/index.php?rest_route=%2Fwp%2Fv2%2Fcategories&post=542"},{"taxonomy":"post_tag","embeddable":true,"href":"https:\/\/bernhard-fiedler.at\/weblog\/index.php?rest_route=%2Fwp%2Fv2%2Ftags&post=542"}],"curies":[{"name":"wp","href":"https:\/\/api.w.org\/{rel}","templated":true}]}}