{"id":5405,"date":"2013-06-27T23:05:26","date_gmt":"2013-06-27T22:05:26","guid":{"rendered":"http:\/\/www.bernhard-fiedler.at\/weblog\/?p=5405"},"modified":"2013-06-27T23:12:59","modified_gmt":"2013-06-27T22:12:59","slug":"vinocamp-deutschland-2013","status":"publish","type":"post","link":"https:\/\/bernhard-fiedler.at\/weblog\/?p=5405","title":{"rendered":"Vinocamp Deutschland 2013"},"content":{"rendered":"<p style=\"text-align: center;\"><img loading=\"lazy\" decoding=\"async\" class=\"size-full wp-image-4667 aligncenter\" style=\"border: 0px;\" title=\"Foto: Andreas Baldauf\" alt=\"Foto: Andreas Baldauf\" src=\"https:\/\/bernhard-fiedler.at\/weblog\/wp-content\/uploads\/2012\/03\/Vinocamp-Andreas-Baldauf-komprimiert.jpg\" width=\"508\" height=\"339\" srcset=\"https:\/\/bernhard-fiedler.at\/weblog\/wp-content\/uploads\/2012\/03\/Vinocamp-Andreas-Baldauf-komprimiert.jpg 508w, https:\/\/bernhard-fiedler.at\/weblog\/wp-content\/uploads\/2012\/03\/Vinocamp-Andreas-Baldauf-komprimiert-300x200.jpg 300w\" sizes=\"auto, (max-width: 508px) 100vw, 508px\" \/><\/p>\n<p style=\"text-align: center;\">Vinocamp 2012, Foto: <a href=\"http:\/\/andreas-baldauf.de\">Andreas Baldauf<\/a><\/p>\n<p>Am kommenden Wochenende findet in den R\u00e4umlichkeiten der <a href=\"http:\/\/www.fa-gm.de\/\">FH Geisenheim<\/a> das dritte deutsche <a href=\"http:\/\/www.vinocamp-deutschland.de\">Vinocamp<\/a> statt, dank <a href=\"http:\/\/www.winzerblog.de\">Winzerblogger Thomas Lippert<\/a> und <a href=\"http:\/\/www.wuertz-wein.de\">Dirk W\u00fcrtz<\/a> (und mit Unterst\u00fctzung zahlreicher Helfer und Sponsoren) DER Treffpunkt f\u00fcr alle deutschsprachigen Wein-Internet-Interessierten.<\/p>\n<p>Anders als <a href=\"https:\/\/bernhard-fiedler.at\/weblog\/?p=4666\">im Vorjahr<\/a> kann ich heuer leider nicht dabei sein, aber ich freue mich, dass <a href=\"https:\/\/bernhard-fiedler.at\/weblog\/?p=5330\">mein Weinrallye-Beitrag \u00fcber die Pflanzrechte<\/a>\u00a0in die <a href=\"http:\/\/wein-online-award.net\/nominierungen-2013\/\">Endausscheidung<\/a> des neu ins Leben gerufenen <a href=\"http:\/\/wein-online-award.net\/\">Wein Online Award<\/a> nominiert wurde. <em>(Dass in einem anderen der vier Beitr\u00e4ge ein Wein von mir am Rande eine Rolle spielt ist nat\u00fcrlich auch sch\u00f6n.)<\/em><\/p>\n<p>Ich w\u00fcnsche Thomas, Harald, Felix, Matthias, Dirk und allen anderen auf diesem Weg interessante, kommunikative, unterhaltsame und genussreiche Tage im Rheingau. Vielleicht klappt es bei mir ja im n\u00e4chsten Jahr wieder&#8230;<\/p>\n","protected":false},"excerpt":{"rendered":"<p>Vinocamp 2012, Foto: Andreas Baldauf Am kommenden Wochenende findet in den R\u00e4umlichkeiten der FH Geisenheim das dritte deutsche Vinocamp statt, dank Winzerblogger Thomas Lippert und Dirk W\u00fcrtz (und mit Unterst\u00fctzung zahlreicher Helfer und Sponsoren) DER Treffpunkt f\u00fcr alle deutschsprachigen Wein-Internet-Interessierten. Anders als im Vorjahr kann ich heuer leider nicht dabei sein, aber ich freue mich, &#8230; <a title=\"Vinocamp Deutschland 2013\" class=\"read-more\" href=\"https:\/\/bernhard-fiedler.at\/weblog\/?p=5405\" aria-label=\"Mehr Informationen \u00fcber Vinocamp Deutschland 2013\">Weiterlesen<\/a><\/p>\n","protected":false},"author":2,"featured_media":0,"comment_status":"open","ping_status":"open","sticky":false,"template":"","format":"standard","meta":{"footnotes":""},"categories":[5],"tags":[],"class_list":["post-5405","post","type-post","status-publish","format-standard","hentry","category-in-den-weinmedien"],"_links":{"self":[{"href":"https:\/\/bernhard-fiedler.at\/weblog\/index.php?rest_route=\/wp\/v2\/posts\/5405","targetHints":{"allow":["GET"]}}],"collection":[{"href":"https:\/\/bernhard-fiedler.at\/weblog\/index.php?rest_route=\/wp\/v2\/posts"}],"about":[{"href":"https:\/\/bernhard-fiedler.at\/weblog\/index.php?rest_route=\/wp\/v2\/types\/post"}],"author":[{"embeddable":true,"href":"https:\/\/bernhard-fiedler.at\/weblog\/index.php?rest_route=\/wp\/v2\/users\/2"}],"replies":[{"embeddable":true,"href":"https:\/\/bernhard-fiedler.at\/weblog\/index.php?rest_route=%2Fwp%2Fv2%2Fcomments&post=5405"}],"version-history":[{"count":5,"href":"https:\/\/bernhard-fiedler.at\/weblog\/index.php?rest_route=\/wp\/v2\/posts\/5405\/revisions"}],"predecessor-version":[{"id":5409,"href":"https:\/\/bernhard-fiedler.at\/weblog\/index.php?rest_route=\/wp\/v2\/posts\/5405\/revisions\/5409"}],"wp:attachment":[{"href":"https:\/\/bernhard-fiedler.at\/weblog\/index.php?rest_route=%2Fwp%2Fv2%2Fmedia&parent=5405"}],"wp:term":[{"taxonomy":"category","embeddable":true,"href":"https:\/\/bernhard-fiedler.at\/weblog\/index.php?rest_route=%2Fwp%2Fv2%2Fcategories&post=5405"},{"taxonomy":"post_tag","embeddable":true,"href":"https:\/\/bernhard-fiedler.at\/weblog\/index.php?rest_route=%2Fwp%2Fv2%2Ftags&post=5405"}],"curies":[{"name":"wp","href":"https:\/\/api.w.org\/{rel}","templated":true}]}}