{"id":54,"date":"2006-09-05T22:15:39","date_gmt":"2006-09-05T20:15:39","guid":{"rendered":"http:\/\/www.bernhard-fiedler.at\/weblog\/?p=54"},"modified":"2007-08-12T20:45:48","modified_gmt":"2007-08-12T19:45:48","slug":"reifemessungen-und-leseplanung","status":"publish","type":"post","link":"https:\/\/bernhard-fiedler.at\/weblog\/?p=54","title":{"rendered":"Reifemessungen und Leseplanung"},"content":{"rendered":"<p>W\u00e4hrend einer Kreativpause beim Texten der n\u00e4chsten Ausgabe unserer Hauszeitung &#8222;Die Weinpresse&#8220; war ich wieder mit dem Refraktometer in den Weing\u00e4rten unterwegs:<!--more--><\/p>\n<p>Cabernet Sauvignon, Ried Goldberg, 14 Jahre: 15,5 \u00b0KMW<\/p>\n<p>Blaufr\u00e4nkisch, Ried Goldberg, 13 Jahre: &#8222;starke&#8220; 16 \u00b0KMW<\/p>\n<p>Pinot blanc, Ried Wieser, 4 Jahre (2. Ernte): &#8222;schwach&#8220; 17 \u00b0KMW<\/p>\n<p>Muskat Ottonel, Ried Wieser, 20-30 Jahre: &#8222;starke&#8220; 16 \u00b0KMW<\/p>\n<p>Neuburger, Ried Wieser, 20 Jahre: &#8222;starke&#8220; 16 \u00b0KMW<\/p>\n<p>Zweigelt, Ried Goldberg, 6 Jahre:<br \/>\nauf etwa 8 Trauben pro Stock ausged\u00fcnnt: 17 \u00b0KMW<br \/>\n6 Trauben (f\u00fcr eine andere Charge): &#8222;schwach&#8220; 18 \u00b0KMW<\/p>\n<p>Laut Wetterbericht h\u00e4lt das warme, trockene und mehr oder weniger\u00a0windige Wetter zumindest bis zum Wochenende an und auch danach d\u00fcrften aus heutiger Sicht nicht gleich drei Wochen Dauerregen folgen.<\/p>\n<p>Momentan planen wir die Hauptlese f\u00fcr die\u00a0Woche ab dem 25. September.\u00a0\u00dcblicherweise ernten wir in dieser Phase\u00a0zumindest den Gro\u00dfteil der Sorten Zweigelt, Pinot blanc, Chardonnay, Neuburger, Gr\u00fcner Veltliner und Welschriesling, ehe wir die\u00a0Ernte unterbrechen, und\u00a0nach\u00a0mehr oder weniger langen Pausen in mehreren Etappen die restlichen Weing\u00e4rten dieser Sorten sowie\u00a0Blaufr\u00e4nkisch, Cabernet, Traminer und eventuelle\u00a0Pr\u00e4dikatsweine lesen.\u00a0Je nach Wetter werden wir vielleicht in der Woche vor der Hauptlese mit einer kleinen Crew bereits den Muskat Ottonel ernten.<\/p>\n<p>Da solche Planungen auf einer Vielzahl von Variablen beruhen (aktuelles und k\u00fcnftiges Wetter, Gesundheitszustand und Reifeentwicklung der Trauben, Personalverf\u00fcgbarkeit, Logistik,&#8230;), haben sie w\u00e4hrend der Lesezeit eine sehr sehr kurze Halbwertszeit. Schon nach den f\u00fcr Donnerstag geplanten Messungen (erstmals mit S\u00e4uregehalt und pH-Wert) k\u00f6nnte alles wieder ganz anders aussehen&#8230;<\/p>\n","protected":false},"excerpt":{"rendered":"<p>W\u00e4hrend einer Kreativpause beim Texten der n\u00e4chsten Ausgabe unserer Hauszeitung &#8222;Die Weinpresse&#8220; war ich wieder mit dem Refraktometer in den Weing\u00e4rten unterwegs:<\/p>\n","protected":false},"author":2,"featured_media":0,"comment_status":"open","ping_status":"open","sticky":false,"template":"","format":"standard","meta":{"footnotes":""},"categories":[10],"tags":[],"class_list":["post-54","post","type-post","status-publish","format-standard","hentry","category-lese-2006"],"_links":{"self":[{"href":"https:\/\/bernhard-fiedler.at\/weblog\/index.php?rest_route=\/wp\/v2\/posts\/54","targetHints":{"allow":["GET"]}}],"collection":[{"href":"https:\/\/bernhard-fiedler.at\/weblog\/index.php?rest_route=\/wp\/v2\/posts"}],"about":[{"href":"https:\/\/bernhard-fiedler.at\/weblog\/index.php?rest_route=\/wp\/v2\/types\/post"}],"author":[{"embeddable":true,"href":"https:\/\/bernhard-fiedler.at\/weblog\/index.php?rest_route=\/wp\/v2\/users\/2"}],"replies":[{"embeddable":true,"href":"https:\/\/bernhard-fiedler.at\/weblog\/index.php?rest_route=%2Fwp%2Fv2%2Fcomments&post=54"}],"version-history":[{"count":0,"href":"https:\/\/bernhard-fiedler.at\/weblog\/index.php?rest_route=\/wp\/v2\/posts\/54\/revisions"}],"wp:attachment":[{"href":"https:\/\/bernhard-fiedler.at\/weblog\/index.php?rest_route=%2Fwp%2Fv2%2Fmedia&parent=54"}],"wp:term":[{"taxonomy":"category","embeddable":true,"href":"https:\/\/bernhard-fiedler.at\/weblog\/index.php?rest_route=%2Fwp%2Fv2%2Fcategories&post=54"},{"taxonomy":"post_tag","embeddable":true,"href":"https:\/\/bernhard-fiedler.at\/weblog\/index.php?rest_route=%2Fwp%2Fv2%2Ftags&post=54"}],"curies":[{"name":"wp","href":"https:\/\/api.w.org\/{rel}","templated":true}]}}