{"id":5360,"date":"2013-05-26T20:21:31","date_gmt":"2013-05-26T19:21:31","guid":{"rendered":"http:\/\/www.bernhard-fiedler.at\/weblog\/?p=5360"},"modified":"2013-05-26T20:31:50","modified_gmt":"2013-05-26T19:31:50","slug":"morbisch-zur-weinblute-2","status":"publish","type":"post","link":"https:\/\/bernhard-fiedler.at\/weblog\/?p=5360","title":{"rendered":"M\u00f6rbisch zur Weinbl\u00fcte"},"content":{"rendered":"<p style=\"text-align: center;\"><img loading=\"lazy\" decoding=\"async\" class=\"aligncenter size-full wp-image-4817\" style=\"border: 0px;\" title=\"Weinbl\u00fcte\" alt=\"\" src=\"https:\/\/bernhard-fiedler.at\/weblog\/wp-content\/uploads\/2012\/05\/Bl\u00fcte-Ausschnitt.jpg\" width=\"508\" height=\"282\" srcset=\"https:\/\/bernhard-fiedler.at\/weblog\/wp-content\/uploads\/2012\/05\/Bl\u00fcte-Ausschnitt.jpg 508w, https:\/\/bernhard-fiedler.at\/weblog\/wp-content\/uploads\/2012\/05\/Bl\u00fcte-Ausschnitt-300x166.jpg 300w\" sizes=\"auto, (max-width: 508px) 100vw, 508px\" \/><\/p>\n<p>Nach dem langen Winter und der ungew\u00f6hnlich k\u00fchlen zweiten Maih\u00e4lfte dauert es heuer noch ein wenig, bis die Reben bl\u00fchen. Trotzdem feiern wir am kommenden Wochenende gemeinsam mit 12\u00a0Kollegen &#8222;M\u00f6rbisch zur Weinbl\u00fcte&#8220; und \u00f6ffnen am Freitag, Samstag und Sonntag unsere Kellert\u00fcren.<\/p>\n<p>N\u00e4here Infos zum Programm gibt es <a href=\"http:\/\/www.weinausmoerbisch.at\/index.php?id=25\">hier<\/a>, und den Folder mit weiteren Infos <a href=\"http:\/\/www.weinausmoerbisch.at\/uploads\/media\/2013_programmfolder_weinbluete.pdf\" target=\"_blank\">als pdf hier<\/a>.<\/p>\n<p>Ich freue mich auf alle, die diese Gelegenheit n\u00fctzen und uns besuchen,\u00a0um den Weinbauern und die Weine hinter diesem Blog kennenzulernen!<\/p>\n","protected":false},"excerpt":{"rendered":"<p>Nach dem langen Winter und der ungew\u00f6hnlich k\u00fchlen zweiten Maih\u00e4lfte dauert es heuer noch ein wenig, bis die Reben bl\u00fchen. Trotzdem feiern wir am kommenden Wochenende gemeinsam mit 12\u00a0Kollegen &#8222;M\u00f6rbisch zur Weinbl\u00fcte&#8220; und \u00f6ffnen am Freitag, Samstag und Sonntag unsere Kellert\u00fcren. N\u00e4here Infos zum Programm gibt es hier, und den Folder mit weiteren Infos als &#8230; <a title=\"M\u00f6rbisch zur Weinbl\u00fcte\" class=\"read-more\" href=\"https:\/\/bernhard-fiedler.at\/weblog\/?p=5360\" aria-label=\"Mehr Informationen \u00fcber M\u00f6rbisch zur Weinbl\u00fcte\">Weiterlesen<\/a><\/p>\n","protected":false},"author":2,"featured_media":0,"comment_status":"open","ping_status":"open","sticky":false,"template":"","format":"standard","meta":{"footnotes":""},"categories":[7],"tags":[],"class_list":["post-5360","post","type-post","status-publish","format-standard","hentry","category-im-verkauf"],"_links":{"self":[{"href":"https:\/\/bernhard-fiedler.at\/weblog\/index.php?rest_route=\/wp\/v2\/posts\/5360","targetHints":{"allow":["GET"]}}],"collection":[{"href":"https:\/\/bernhard-fiedler.at\/weblog\/index.php?rest_route=\/wp\/v2\/posts"}],"about":[{"href":"https:\/\/bernhard-fiedler.at\/weblog\/index.php?rest_route=\/wp\/v2\/types\/post"}],"author":[{"embeddable":true,"href":"https:\/\/bernhard-fiedler.at\/weblog\/index.php?rest_route=\/wp\/v2\/users\/2"}],"replies":[{"embeddable":true,"href":"https:\/\/bernhard-fiedler.at\/weblog\/index.php?rest_route=%2Fwp%2Fv2%2Fcomments&post=5360"}],"version-history":[{"count":4,"href":"https:\/\/bernhard-fiedler.at\/weblog\/index.php?rest_route=\/wp\/v2\/posts\/5360\/revisions"}],"predecessor-version":[{"id":5364,"href":"https:\/\/bernhard-fiedler.at\/weblog\/index.php?rest_route=\/wp\/v2\/posts\/5360\/revisions\/5364"}],"wp:attachment":[{"href":"https:\/\/bernhard-fiedler.at\/weblog\/index.php?rest_route=%2Fwp%2Fv2%2Fmedia&parent=5360"}],"wp:term":[{"taxonomy":"category","embeddable":true,"href":"https:\/\/bernhard-fiedler.at\/weblog\/index.php?rest_route=%2Fwp%2Fv2%2Fcategories&post=5360"},{"taxonomy":"post_tag","embeddable":true,"href":"https:\/\/bernhard-fiedler.at\/weblog\/index.php?rest_route=%2Fwp%2Fv2%2Ftags&post=5360"}],"curies":[{"name":"wp","href":"https:\/\/api.w.org\/{rel}","templated":true}]}}