{"id":5253,"date":"2013-04-11T20:08:13","date_gmt":"2013-04-11T19:08:13","guid":{"rendered":"http:\/\/www.bernhard-fiedler.at\/weblog\/?p=5253"},"modified":"2013-04-11T20:08:13","modified_gmt":"2013-04-11T19:08:13","slug":"endlich","status":"publish","type":"post","link":"https:\/\/bernhard-fiedler.at\/weblog\/?p=5253","title":{"rendered":"Endlich!"},"content":{"rendered":"<p style=\"text-align: center;\"><img loading=\"lazy\" decoding=\"async\" class=\"aligncenter size-full wp-image-5254\" style=\"border: 0px none;\" title=\"Mandelbl\u00fcte\" alt=\"\" src=\"https:\/\/bernhard-fiedler.at\/weblog\/wp-content\/uploads\/2013\/04\/Mandelbl\u00fcte-2-bearbeitet.jpg\" width=\"508\" height=\"402\" srcset=\"https:\/\/bernhard-fiedler.at\/weblog\/wp-content\/uploads\/2013\/04\/Mandelbl\u00fcte-2-bearbeitet.jpg 508w, https:\/\/bernhard-fiedler.at\/weblog\/wp-content\/uploads\/2013\/04\/Mandelbl\u00fcte-2-bearbeitet-300x237.jpg 300w\" sizes=\"auto, (max-width: 508px) 100vw, 508px\" \/><\/p>\n<p>Seit Vorgestern herrscht endlich Fr\u00fchling, und am geradezu blitzartigen Erwachen der Natur kann man sehen, wie sehr alle(s) darauf gewartet hat. Innerhalb weniger Tage haben sich z.B. die Mandelbl\u00fcten ge\u00f6ffnet, knapp einen Monat sp\u00e4ter als im Vorjahr und fast zwei Monate sp\u00e4ter als 2007.<\/p>\n<p>F\u00fcr unsere Reben ist der lange Winter nicht von Nachteil. Nat\u00fcrlich ist die Wahrscheinlichkeit einer sehr fr\u00fchen Lese in den letzten Wochen deutlich gesunken, aber einige wenige sch\u00f6ne Wochen im Mai oder Juni k\u00f6nnen die Versp\u00e4tung deutlich reduzieren.<\/p>\n<p>Und selbst wenn wir bis zum Herbst sp\u00e4t dran sind, kann man daraus keinerlei Schl\u00fcsse auf den Jahrgang ziehen. Wirklich entscheidend werden dann der September und Oktober&#8230;<\/p>\n","protected":false},"excerpt":{"rendered":"<p>Seit Vorgestern herrscht endlich Fr\u00fchling, und am geradezu blitzartigen Erwachen der Natur kann man sehen, wie sehr alle(s) darauf gewartet hat. Innerhalb weniger Tage haben sich z.B. die Mandelbl\u00fcten ge\u00f6ffnet, knapp einen Monat sp\u00e4ter als im Vorjahr und fast zwei Monate sp\u00e4ter als 2007. F\u00fcr unsere Reben ist der lange Winter nicht von Nachteil. Nat\u00fcrlich &#8230; <a title=\"Endlich!\" class=\"read-more\" href=\"https:\/\/bernhard-fiedler.at\/weblog\/?p=5253\" aria-label=\"Mehr Informationen \u00fcber Endlich!\">Weiterlesen<\/a><\/p>\n","protected":false},"author":2,"featured_media":0,"comment_status":"open","ping_status":"open","sticky":false,"template":"","format":"standard","meta":{"footnotes":""},"categories":[8],"tags":[],"class_list":["post-5253","post","type-post","status-publish","format-standard","hentry","category-das-wetter"],"_links":{"self":[{"href":"https:\/\/bernhard-fiedler.at\/weblog\/index.php?rest_route=\/wp\/v2\/posts\/5253","targetHints":{"allow":["GET"]}}],"collection":[{"href":"https:\/\/bernhard-fiedler.at\/weblog\/index.php?rest_route=\/wp\/v2\/posts"}],"about":[{"href":"https:\/\/bernhard-fiedler.at\/weblog\/index.php?rest_route=\/wp\/v2\/types\/post"}],"author":[{"embeddable":true,"href":"https:\/\/bernhard-fiedler.at\/weblog\/index.php?rest_route=\/wp\/v2\/users\/2"}],"replies":[{"embeddable":true,"href":"https:\/\/bernhard-fiedler.at\/weblog\/index.php?rest_route=%2Fwp%2Fv2%2Fcomments&post=5253"}],"version-history":[{"count":2,"href":"https:\/\/bernhard-fiedler.at\/weblog\/index.php?rest_route=\/wp\/v2\/posts\/5253\/revisions"}],"predecessor-version":[{"id":5256,"href":"https:\/\/bernhard-fiedler.at\/weblog\/index.php?rest_route=\/wp\/v2\/posts\/5253\/revisions\/5256"}],"wp:attachment":[{"href":"https:\/\/bernhard-fiedler.at\/weblog\/index.php?rest_route=%2Fwp%2Fv2%2Fmedia&parent=5253"}],"wp:term":[{"taxonomy":"category","embeddable":true,"href":"https:\/\/bernhard-fiedler.at\/weblog\/index.php?rest_route=%2Fwp%2Fv2%2Fcategories&post=5253"},{"taxonomy":"post_tag","embeddable":true,"href":"https:\/\/bernhard-fiedler.at\/weblog\/index.php?rest_route=%2Fwp%2Fv2%2Ftags&post=5253"}],"curies":[{"name":"wp","href":"https:\/\/api.w.org\/{rel}","templated":true}]}}