{"id":5176,"date":"2013-02-18T21:10:38","date_gmt":"2013-02-18T20:10:38","guid":{"rendered":"http:\/\/www.bernhard-fiedler.at\/weblog\/?p=5176"},"modified":"2013-02-28T21:34:51","modified_gmt":"2013-02-28T20:34:51","slug":"twitter-my-google-on-facebook","status":"publish","type":"post","link":"https:\/\/bernhard-fiedler.at\/weblog\/?p=5176","title":{"rendered":"Twitter my Google on Facebook"},"content":{"rendered":"<p style=\"text-align: center;\"><img loading=\"lazy\" decoding=\"async\" class=\"aligncenter size-full wp-image-5177\" style=\"border: 0px none;\" title=\"Bildquelle: Anne Helmond\" alt=\"\" src=\"https:\/\/bernhard-fiedler.at\/weblog\/wp-content\/uploads\/2013\/02\/Social-Media-Anne-Helmond.jpg\" width=\"500\" height=\"437\" srcset=\"https:\/\/bernhard-fiedler.at\/weblog\/wp-content\/uploads\/2013\/02\/Social-Media-Anne-Helmond.jpg 500w, https:\/\/bernhard-fiedler.at\/weblog\/wp-content\/uploads\/2013\/02\/Social-Media-Anne-Helmond-300x262.jpg 300w\" sizes=\"auto, (max-width: 500px) 100vw, 500px\" \/>Bildquelle: <a href=\"http:\/\/www.flickr.com\/people\/silvertje\/\" target=\"_blank\">Anne Helmond<\/a><\/p>\n<p>&nbsp;<\/p>\n<p>Obwohl manche meinen, ich w\u00e4re besonders internet-affin, war ich bislang weitgehend social-media-abstinent. Ab sofort gibt es jedoch die M\u00f6glichkeit, meine Blogbeitr\u00e4ge gemischt mit News von unserem Weingut via <a href=\"https:\/\/twitter.com\/grenzhoffiedler\" target=\"_blank\">Twitter<\/a>, <a href=\"http:\/\/www.facebook.com\/pages\/Weingut-Grenzhof-Fiedler\/247392462059159\" target=\"_blank\">Facebook<\/a> und <a href=\"https:\/\/plus.google.com\/103738878374674906788\/posts\" target=\"_blank\">Google+<\/a> zu verfolgen.<\/p>\n<p>Zu diesem Zweck findet sich hier unten seit rund zwei Wochen auch eine entsprechende Werkzeugleiste (die allerdings nicht Smartphone-kompatibel ist).<\/p>\n<p>Vielen Dank im Voraus f\u00fcrs folgen, liken, und pluseinsen (oder wie auch immer das hei\u00dft)!<\/p>\n","protected":false},"excerpt":{"rendered":"<p>Bildquelle: Anne Helmond &nbsp; Obwohl manche meinen, ich w\u00e4re besonders internet-affin, war ich bislang weitgehend social-media-abstinent. Ab sofort gibt es jedoch die M\u00f6glichkeit, meine Blogbeitr\u00e4ge gemischt mit News von unserem Weingut via Twitter, Facebook und Google+ zu verfolgen. Zu diesem Zweck findet sich hier unten seit rund zwei Wochen auch eine entsprechende Werkzeugleiste (die allerdings &#8230; <a title=\"Twitter my Google on Facebook\" class=\"read-more\" href=\"https:\/\/bernhard-fiedler.at\/weblog\/?p=5176\" aria-label=\"Mehr Informationen \u00fcber Twitter my Google on Facebook\">Weiterlesen<\/a><\/p>\n","protected":false},"author":2,"featured_media":0,"comment_status":"open","ping_status":"open","sticky":false,"template":"","format":"standard","meta":{"footnotes":""},"categories":[1],"tags":[],"class_list":["post-5176","post","type-post","status-publish","format-standard","hentry","category-allgemein"],"_links":{"self":[{"href":"https:\/\/bernhard-fiedler.at\/weblog\/index.php?rest_route=\/wp\/v2\/posts\/5176","targetHints":{"allow":["GET"]}}],"collection":[{"href":"https:\/\/bernhard-fiedler.at\/weblog\/index.php?rest_route=\/wp\/v2\/posts"}],"about":[{"href":"https:\/\/bernhard-fiedler.at\/weblog\/index.php?rest_route=\/wp\/v2\/types\/post"}],"author":[{"embeddable":true,"href":"https:\/\/bernhard-fiedler.at\/weblog\/index.php?rest_route=\/wp\/v2\/users\/2"}],"replies":[{"embeddable":true,"href":"https:\/\/bernhard-fiedler.at\/weblog\/index.php?rest_route=%2Fwp%2Fv2%2Fcomments&post=5176"}],"version-history":[{"count":6,"href":"https:\/\/bernhard-fiedler.at\/weblog\/index.php?rest_route=\/wp\/v2\/posts\/5176\/revisions"}],"predecessor-version":[{"id":5201,"href":"https:\/\/bernhard-fiedler.at\/weblog\/index.php?rest_route=\/wp\/v2\/posts\/5176\/revisions\/5201"}],"wp:attachment":[{"href":"https:\/\/bernhard-fiedler.at\/weblog\/index.php?rest_route=%2Fwp%2Fv2%2Fmedia&parent=5176"}],"wp:term":[{"taxonomy":"category","embeddable":true,"href":"https:\/\/bernhard-fiedler.at\/weblog\/index.php?rest_route=%2Fwp%2Fv2%2Fcategories&post=5176"},{"taxonomy":"post_tag","embeddable":true,"href":"https:\/\/bernhard-fiedler.at\/weblog\/index.php?rest_route=%2Fwp%2Fv2%2Ftags&post=5176"}],"curies":[{"name":"wp","href":"https:\/\/api.w.org\/{rel}","templated":true}]}}