{"id":5068,"date":"2012-12-23T22:32:55","date_gmt":"2012-12-23T21:32:55","guid":{"rendered":"http:\/\/www.bernhard-fiedler.at\/weblog\/?p=5068"},"modified":"2012-12-23T22:34:43","modified_gmt":"2012-12-23T21:34:43","slug":"erst-eins-dann-zwei-dann-drei-dann-vier","status":"publish","type":"post","link":"https:\/\/bernhard-fiedler.at\/weblog\/?p=5068","title":{"rendered":"Erst eins, dann zwei, dann drei, dann vier&#8230;"},"content":{"rendered":"<p style=\"text-align: center;\"><img loading=\"lazy\" decoding=\"async\" class=\"aligncenter size-full wp-image-5070\" style=\"border: 0px none;\" title=\"Foto: \u00d6WM\/Lukan\" alt=\"\" src=\"https:\/\/bernhard-fiedler.at\/weblog\/wp-content\/uploads\/2012\/12\/Seestimmung-\u00d6WM-Lukan-komprimiert.jpg\" width=\"508\" height=\"350\" srcset=\"https:\/\/bernhard-fiedler.at\/weblog\/wp-content\/uploads\/2012\/12\/Seestimmung-\u00d6WM-Lukan-komprimiert.jpg 508w, https:\/\/bernhard-fiedler.at\/weblog\/wp-content\/uploads\/2012\/12\/Seestimmung-\u00d6WM-Lukan-komprimiert-300x206.jpg 300w\" sizes=\"auto, (max-width: 508px) 100vw, 508px\" \/><\/p>\n<p style=\"text-align: justify;\">Es hei\u00dft, der Advent w\u00e4re die stillste Zeit des Jahres. Dabei geht es gerade vor Weihnachten bei uns allen oft besonders turbulent zu. Vieles ist unbedingt noch im alten Jahr zu erledigen, Geschenke m\u00fcssen besorgt werden, und die Jungweine im Keller fordern unsere Aufmerksamkeit.<\/p>\n<p style=\"text-align: justify;\">Manchmal aber, in einem kurzen Moment des Innehaltens kommt doch so etwas wie Besinnlichkeit auf. Der Gedanke daran, dass schon wieder ein Jahr viel zu schnell vergangen ist. Und die Freude und Dankbarkeit \u00fcber einen sehr guten Jahrgang in den F\u00e4ssern.<\/p>\n<p style=\"text-align: justify;\">Obwohl wir in den letzten Wochen recht besch\u00e4ftigt waren (unter anderem damit,\u00a0 die Weinvorr\u00e4te unserer Kunden f\u00fcr die kommenden Feiertage zu erg\u00e4nzen), hat sich zwischendurch schon ein wenig Vorfreude auf erholsame Tage im Kreis der Familie eingestellt. Ein gutes Glas Wein wird dabei nat\u00fcrlich nicht fehlen&#8230;<\/p>\n<p>Ich w\u00fcnsche allen Lesern frohe Weihnachten und alles Gute f\u00fcr das neue Jahr!<\/p>\n","protected":false},"excerpt":{"rendered":"<p>Es hei\u00dft, der Advent w\u00e4re die stillste Zeit des Jahres. Dabei geht es gerade vor Weihnachten bei uns allen oft besonders turbulent zu. Vieles ist unbedingt noch im alten Jahr zu erledigen, Geschenke m\u00fcssen besorgt werden, und die Jungweine im Keller fordern unsere Aufmerksamkeit. Manchmal aber, in einem kurzen Moment des Innehaltens kommt doch so &#8230; <a title=\"Erst eins, dann zwei, dann drei, dann vier&#8230;\" class=\"read-more\" href=\"https:\/\/bernhard-fiedler.at\/weblog\/?p=5068\" aria-label=\"Mehr Informationen \u00fcber Erst eins, dann zwei, dann drei, dann vier&#8230;\">Weiterlesen<\/a><\/p>\n","protected":false},"author":2,"featured_media":0,"comment_status":"open","ping_status":"open","sticky":false,"template":"","format":"standard","meta":{"footnotes":""},"categories":[1],"tags":[],"class_list":["post-5068","post","type-post","status-publish","format-standard","hentry","category-allgemein"],"_links":{"self":[{"href":"https:\/\/bernhard-fiedler.at\/weblog\/index.php?rest_route=\/wp\/v2\/posts\/5068","targetHints":{"allow":["GET"]}}],"collection":[{"href":"https:\/\/bernhard-fiedler.at\/weblog\/index.php?rest_route=\/wp\/v2\/posts"}],"about":[{"href":"https:\/\/bernhard-fiedler.at\/weblog\/index.php?rest_route=\/wp\/v2\/types\/post"}],"author":[{"embeddable":true,"href":"https:\/\/bernhard-fiedler.at\/weblog\/index.php?rest_route=\/wp\/v2\/users\/2"}],"replies":[{"embeddable":true,"href":"https:\/\/bernhard-fiedler.at\/weblog\/index.php?rest_route=%2Fwp%2Fv2%2Fcomments&post=5068"}],"version-history":[{"count":5,"href":"https:\/\/bernhard-fiedler.at\/weblog\/index.php?rest_route=\/wp\/v2\/posts\/5068\/revisions"}],"predecessor-version":[{"id":5075,"href":"https:\/\/bernhard-fiedler.at\/weblog\/index.php?rest_route=\/wp\/v2\/posts\/5068\/revisions\/5075"}],"wp:attachment":[{"href":"https:\/\/bernhard-fiedler.at\/weblog\/index.php?rest_route=%2Fwp%2Fv2%2Fmedia&parent=5068"}],"wp:term":[{"taxonomy":"category","embeddable":true,"href":"https:\/\/bernhard-fiedler.at\/weblog\/index.php?rest_route=%2Fwp%2Fv2%2Fcategories&post=5068"},{"taxonomy":"post_tag","embeddable":true,"href":"https:\/\/bernhard-fiedler.at\/weblog\/index.php?rest_route=%2Fwp%2Fv2%2Ftags&post=5068"}],"curies":[{"name":"wp","href":"https:\/\/api.w.org\/{rel}","templated":true}]}}