{"id":4908,"date":"2012-08-04T06:13:26","date_gmt":"2012-08-04T05:13:26","guid":{"rendered":"http:\/\/www.bernhard-fiedler.at\/weblog\/?p=4908"},"modified":"2012-08-04T06:13:26","modified_gmt":"2012-08-04T05:13:26","slug":"feinarbeiten-ausen-und-innen","status":"publish","type":"post","link":"https:\/\/bernhard-fiedler.at\/weblog\/?p=4908","title":{"rendered":"Feinarbeiten au\u00dfen und innen"},"content":{"rendered":"<p style=\"text-align: center;\"><img loading=\"lazy\" decoding=\"async\" class=\"aligncenter size-full wp-image-4909\" style=\"border: 0px;\" title=\"Presshaus 42\" src=\"https:\/\/bernhard-fiedler.at\/weblog\/wp-content\/uploads\/2012\/08\/Presshaus-42-bearbeitet.jpg\" alt=\"Presshaus 42\" width=\"508\" height=\"381\" srcset=\"https:\/\/bernhard-fiedler.at\/weblog\/wp-content\/uploads\/2012\/08\/Presshaus-42-bearbeitet.jpg 508w, https:\/\/bernhard-fiedler.at\/weblog\/wp-content\/uploads\/2012\/08\/Presshaus-42-bearbeitet-300x224.jpg 300w\" sizes=\"auto, (max-width: 508px) 100vw, 508px\" \/><\/p>\n<p>Langsam aber doch gehen die Arbeiten an unserem neuen Pre\u00dfhaus in die Endphase. Vorige Woche wurde die Zufahrt gepflastert, damit es nicht nur durch das alte Wirtschaftsgeb\u00e4ude sondern auch von der Stra\u00dfe aus befahren werden kann.<\/p>\n<p>Leider zeigten sich dabei schon am Tag nach der Fertigstellung gr\u00f6bere M\u00e4ngel im Unterbau, sodass dieser nach ausgiebigem Befahren und ein oder zwei Wintern ausgebessert und die Pflastersteine erneut verlegt werden m\u00fcssen.<\/p>\n<p><!--more--><\/p>\n<p style=\"text-align: center;\"><img loading=\"lazy\" decoding=\"async\" class=\"aligncenter size-full wp-image-4910\" style=\"border: 0px;\" title=\"Presshaus 43\" src=\"https:\/\/bernhard-fiedler.at\/weblog\/wp-content\/uploads\/2012\/08\/Presshaus-43-bearbeitet.jpg\" alt=\"Presshaus 43\" width=\"508\" height=\"381\" srcset=\"https:\/\/bernhard-fiedler.at\/weblog\/wp-content\/uploads\/2012\/08\/Presshaus-43-bearbeitet.jpg 508w, https:\/\/bernhard-fiedler.at\/weblog\/wp-content\/uploads\/2012\/08\/Presshaus-43-bearbeitet-300x224.jpg 300w\" sizes=\"auto, (max-width: 508px) 100vw, 508px\" \/><\/p>\n<p>Im Inneren nimmt die Elektroinstallation konkrete Formen an. Seit gestern sind einige Steckdosen unter Strom, was einen ersten kurzen Probelauf der neuen Presse erm\u00f6glicht hat. Die Wasserinstallationen sind \u00fcbrigens schon seit ein paar Tagen fertig.<\/p>\n<p>An einem der zahlreichen Regen- bzw. Gewittertage der letzten Woche haben wir uns die Edelstahltanks im &#8222;alten&#8220; Weinkeller vorgenommen. Um einen breiteren Durchgang zum neuen Keller zu schaffen wurden sie komplett umgruppiert und bei dieser Gelegenheit auch gleich au\u00dfen gr\u00fcndlich gereinigt.<\/p>\n<p style=\"text-align: center;\"><img loading=\"lazy\" decoding=\"async\" class=\"aligncenter size-full wp-image-4911\" style=\"border: 0px;\" title=\"Presshaus 44\" src=\"https:\/\/bernhard-fiedler.at\/weblog\/wp-content\/uploads\/2012\/08\/Presshaus-44-bearbeitet.jpg\" alt=\"Presshaus 44\" width=\"508\" height=\"381\" srcset=\"https:\/\/bernhard-fiedler.at\/weblog\/wp-content\/uploads\/2012\/08\/Presshaus-44-bearbeitet.jpg 508w, https:\/\/bernhard-fiedler.at\/weblog\/wp-content\/uploads\/2012\/08\/Presshaus-44-bearbeitet-300x224.jpg 300w\" sizes=\"auto, (max-width: 508px) 100vw, 508px\" \/><\/p>\n","protected":false},"excerpt":{"rendered":"<p>Langsam aber doch gehen die Arbeiten an unserem neuen Pre\u00dfhaus in die Endphase. Vorige Woche wurde die Zufahrt gepflastert, damit es nicht nur durch das alte Wirtschaftsgeb\u00e4ude sondern auch von der Stra\u00dfe aus befahren werden kann. Leider zeigten sich dabei schon am Tag nach der Fertigstellung gr\u00f6bere M\u00e4ngel im Unterbau, sodass dieser nach ausgiebigem Befahren &#8230; <a title=\"Feinarbeiten au\u00dfen und innen\" class=\"read-more\" href=\"https:\/\/bernhard-fiedler.at\/weblog\/?p=4908\" aria-label=\"Mehr Informationen \u00fcber Feinarbeiten au\u00dfen und innen\">Weiterlesen<\/a><\/p>\n","protected":false},"author":2,"featured_media":0,"comment_status":"open","ping_status":"open","sticky":false,"template":"","format":"standard","meta":{"footnotes":""},"categories":[30],"tags":[],"class_list":["post-4908","post","type-post","status-publish","format-standard","hentry","category-ein-neues-presshaus"],"_links":{"self":[{"href":"https:\/\/bernhard-fiedler.at\/weblog\/index.php?rest_route=\/wp\/v2\/posts\/4908","targetHints":{"allow":["GET"]}}],"collection":[{"href":"https:\/\/bernhard-fiedler.at\/weblog\/index.php?rest_route=\/wp\/v2\/posts"}],"about":[{"href":"https:\/\/bernhard-fiedler.at\/weblog\/index.php?rest_route=\/wp\/v2\/types\/post"}],"author":[{"embeddable":true,"href":"https:\/\/bernhard-fiedler.at\/weblog\/index.php?rest_route=\/wp\/v2\/users\/2"}],"replies":[{"embeddable":true,"href":"https:\/\/bernhard-fiedler.at\/weblog\/index.php?rest_route=%2Fwp%2Fv2%2Fcomments&post=4908"}],"version-history":[{"count":4,"href":"https:\/\/bernhard-fiedler.at\/weblog\/index.php?rest_route=\/wp\/v2\/posts\/4908\/revisions"}],"predecessor-version":[{"id":4915,"href":"https:\/\/bernhard-fiedler.at\/weblog\/index.php?rest_route=\/wp\/v2\/posts\/4908\/revisions\/4915"}],"wp:attachment":[{"href":"https:\/\/bernhard-fiedler.at\/weblog\/index.php?rest_route=%2Fwp%2Fv2%2Fmedia&parent=4908"}],"wp:term":[{"taxonomy":"category","embeddable":true,"href":"https:\/\/bernhard-fiedler.at\/weblog\/index.php?rest_route=%2Fwp%2Fv2%2Fcategories&post=4908"},{"taxonomy":"post_tag","embeddable":true,"href":"https:\/\/bernhard-fiedler.at\/weblog\/index.php?rest_route=%2Fwp%2Fv2%2Ftags&post=4908"}],"curies":[{"name":"wp","href":"https:\/\/api.w.org\/{rel}","templated":true}]}}