{"id":4847,"date":"2012-06-12T21:12:13","date_gmt":"2012-06-12T20:12:13","guid":{"rendered":"http:\/\/www.bernhard-fiedler.at\/weblog\/?p=4847"},"modified":"2012-06-12T21:12:55","modified_gmt":"2012-06-12T20:12:55","slug":"umdenken","status":"publish","type":"post","link":"https:\/\/bernhard-fiedler.at\/weblog\/?p=4847","title":{"rendered":"Umdenken"},"content":{"rendered":"<p style=\"text-align: center;\"><img loading=\"lazy\" decoding=\"async\" class=\"aligncenter size-full wp-image-4846\" style=\"border: 0px;\" title=\"Pflanzreben\" src=\"https:\/\/bernhard-fiedler.at\/weblog\/wp-content\/uploads\/2012\/06\/Reben3-bearbeitet.jpg\" alt=\"Pflanzreben\" width=\"508\" height=\"312\" srcset=\"https:\/\/bernhard-fiedler.at\/weblog\/wp-content\/uploads\/2012\/06\/Reben3-bearbeitet.jpg 508w, https:\/\/bernhard-fiedler.at\/weblog\/wp-content\/uploads\/2012\/06\/Reben3-bearbeitet-300x184.jpg 300w\" sizes=\"auto, (max-width: 508px) 100vw, 508px\" \/><\/p>\n<p>Die trotz zahlreicher, aber wenig ergiebiger Regenf\u00e4lle anhaltende Trockenheit erfordert von uns Weinbauern einige Flexibilit\u00e4t und ein \u00dcberdenken mancher Entscheidungen der letzten Jahre.<\/p>\n<p>So ist es zum Beispiel im Moment nicht sehr ratsam, \u00fcppig wachsende <a href=\"https:\/\/bernhard-fiedler.at\/weblog\/?p=3939\">Begr\u00fcnungspflanzen<\/a> relativ ungest\u00f6rt gedeihen zu lassen, obwohl sie normalerweise zweifellos einen sehr guten Einflu\u00df auf den Boden haben. Vollfl\u00e4chig und dauerhaft begr\u00fcnte Weing\u00e4rten leiden (nicht immer sichtbar) n\u00e4mlich jetzt schon, und haben es im kommenden Sommer sicherlich sehr sehr schwer.<\/p>\n<p>Noch gravierender, da nicht kurzfristig durch eine Bodenlockerung korrigierbar, ist die Frage der Unterlagsreben unserer Weinst\u00f6cke, die ebenfalls einen enormen Einflu\u00df auf deren Wasserhaushalt hat.<\/p>\n<p><!--more--><\/p>\n<p>Nach Jahrzehnten weitgehender Ahnungslosigkeit, in denen fast ausschlie\u00dflich auf die Unterlage <a href=\"http:\/\/www.fa-gm.de\/fachgebiet-rebenzuechtung-und-rebenveredlung\/forschung\/unterlagen\/berlandieri-x-riparia\/kober-5bb\/index.html\">Kober 5 BB<\/a> veredelt wurde, begann dieses Thema vor rund 20 Jahren das Interesse der Weinbauern zu erregen. Mitten im Rotweinboom versprach man sich von schw\u00e4cherw\u00fcchsigen Unterlagsreben ein geringeres Wachstum und eine fr\u00fchere (und damit am Ende h\u00f6here) Reife der Trauben.<\/p>\n<p>Seither sind <a href=\"http:\/\/www.fa-gm.de\/fachgebiet-rebenzuechtung-und-rebenveredlung\/forschung\/unterlagen\/berlandieri-x-riparia\/selektion-oppenheim-4\/index.html\">SO4<\/a>, <a href=\"http:\/\/www.fa-gm.de\/fachgebiet-rebenzuechtung-und-rebenveredlung\/forschung\/unterlagen\/berlandieri-x-riparia\/5c-geisenheim\/index.html\">T5C<\/a>, aber auch den franz\u00f6sischen Z\u00fcchtungen <a href=\"http:\/\/www.fa-gm.de\/fachgebiet-rebenzuechtung-und-rebenveredlung\/forschung\/unterlagen\/riparia-x-rupestris\/3309-couderc\/index.html\">3309C<\/a>, <a href=\"http:\/\/www.fa-gm.de\/fachgebiet-rebenzuechtung-und-rebenveredlung\/forschung\/unterlagen\/riparia-x-berlandieri\/161-49-couderc\/index.html\">161-49<\/a> und <a href=\"http:\/\/www.traubenshow.de\/index.php?option=com_content&amp;view=category&amp;id=55&amp;Itemid=396\">andere<\/a>\u00a0in aller Winzermunde und dementsprechend viele Weing\u00e4rten wurden auch\u00a0mit ihnen gepflanzt.<\/p>\n<p>Obwohl man angesichts \u00fcberreifer Trauben und hoher Alkoholwerte auch schon fr\u00fcher dar\u00fcber nachdenken h\u00e4tte k\u00f6nnen, ob eine Reifeverfr\u00fchung in unseren Breiten tats\u00e4chlich (noch) notwendig und sinnvoll ist, wird erst das Trockenjahr 2012 m\u00f6glicherweise zu\u00a0einem Umdenken in diesem Bereich f\u00fchren:<\/p>\n<p>Reifeverfr\u00fchende Unterlagsreben funktionieren n\u00e4mlich h\u00e4ufig nach dem Prinzip, dass ein geringeres Triebwachstum mehr Energie f\u00fcr die Trauben \u00fcbrig l\u00e4\u00dft. Dabei ist\u00a0das schw\u00e4chere Wachstum meistens die Folge eines weniger ausgepr\u00e4gten und damit wesentlich trockenheitsanf\u00e4lligeren Wurzelsystems&#8230;<\/p>\n<p><em>Wer keine Ahnung hat, was Unterlagsreben sind, und warum man sie braucht, kann sich \u00fcbrigens <a href=\"http:\/\/de.wikipedia.org\/wiki\/Reblaus\">hier<\/a> schlau machen.<\/em><\/p>\n","protected":false},"excerpt":{"rendered":"<p>Die trotz zahlreicher, aber wenig ergiebiger Regenf\u00e4lle anhaltende Trockenheit erfordert von uns Weinbauern einige Flexibilit\u00e4t und ein \u00dcberdenken mancher Entscheidungen der letzten Jahre. So ist es zum Beispiel im Moment nicht sehr ratsam, \u00fcppig wachsende Begr\u00fcnungspflanzen relativ ungest\u00f6rt gedeihen zu lassen, obwohl sie normalerweise zweifellos einen sehr guten Einflu\u00df auf den Boden haben. Vollfl\u00e4chig und &#8230; <a title=\"Umdenken\" class=\"read-more\" href=\"https:\/\/bernhard-fiedler.at\/weblog\/?p=4847\" aria-label=\"Mehr Informationen \u00fcber Umdenken\">Weiterlesen<\/a><\/p>\n","protected":false},"author":2,"featured_media":0,"comment_status":"open","ping_status":"open","sticky":false,"template":"","format":"standard","meta":{"footnotes":""},"categories":[3],"tags":[],"class_list":["post-4847","post","type-post","status-publish","format-standard","hentry","category-im-weingarten"],"_links":{"self":[{"href":"https:\/\/bernhard-fiedler.at\/weblog\/index.php?rest_route=\/wp\/v2\/posts\/4847","targetHints":{"allow":["GET"]}}],"collection":[{"href":"https:\/\/bernhard-fiedler.at\/weblog\/index.php?rest_route=\/wp\/v2\/posts"}],"about":[{"href":"https:\/\/bernhard-fiedler.at\/weblog\/index.php?rest_route=\/wp\/v2\/types\/post"}],"author":[{"embeddable":true,"href":"https:\/\/bernhard-fiedler.at\/weblog\/index.php?rest_route=\/wp\/v2\/users\/2"}],"replies":[{"embeddable":true,"href":"https:\/\/bernhard-fiedler.at\/weblog\/index.php?rest_route=%2Fwp%2Fv2%2Fcomments&post=4847"}],"version-history":[{"count":5,"href":"https:\/\/bernhard-fiedler.at\/weblog\/index.php?rest_route=\/wp\/v2\/posts\/4847\/revisions"}],"predecessor-version":[{"id":4852,"href":"https:\/\/bernhard-fiedler.at\/weblog\/index.php?rest_route=\/wp\/v2\/posts\/4847\/revisions\/4852"}],"wp:attachment":[{"href":"https:\/\/bernhard-fiedler.at\/weblog\/index.php?rest_route=%2Fwp%2Fv2%2Fmedia&parent=4847"}],"wp:term":[{"taxonomy":"category","embeddable":true,"href":"https:\/\/bernhard-fiedler.at\/weblog\/index.php?rest_route=%2Fwp%2Fv2%2Fcategories&post=4847"},{"taxonomy":"post_tag","embeddable":true,"href":"https:\/\/bernhard-fiedler.at\/weblog\/index.php?rest_route=%2Fwp%2Fv2%2Ftags&post=4847"}],"curies":[{"name":"wp","href":"https:\/\/api.w.org\/{rel}","templated":true}]}}