{"id":4839,"date":"2012-06-05T20:43:39","date_gmt":"2012-06-05T19:43:39","guid":{"rendered":"http:\/\/www.bernhard-fiedler.at\/weblog\/?p=4839"},"modified":"2012-06-05T20:43:39","modified_gmt":"2012-06-05T19:43:39","slug":"holz-bringt-flair","status":"publish","type":"post","link":"https:\/\/bernhard-fiedler.at\/weblog\/?p=4839","title":{"rendered":"Holz bringt Flair"},"content":{"rendered":"<p style=\"text-align: center;\"><img loading=\"lazy\" decoding=\"async\" class=\"aligncenter size-full wp-image-4841\" style=\"border: 0px;\" title=\"Presshaus 26\" src=\"https:\/\/bernhard-fiedler.at\/weblog\/wp-content\/uploads\/2012\/06\/Presshaus-26-bearbeitet.jpg\" alt=\"Presshaus 26\" width=\"508\" height=\"381\" srcset=\"https:\/\/bernhard-fiedler.at\/weblog\/wp-content\/uploads\/2012\/06\/Presshaus-26-bearbeitet.jpg 508w, https:\/\/bernhard-fiedler.at\/weblog\/wp-content\/uploads\/2012\/06\/Presshaus-26-bearbeitet-300x224.jpg 300w\" sizes=\"auto, (max-width: 508px) 100vw, 508px\" \/><\/p>\n<p>Mittlerweile ist auch schon der Dachstuhl unseres neuen Presshauses fertig und mit ihm hat das Geb\u00e4ude deutlich an Flair gewonnen.<\/p>\n<p><!--more--><\/p>\n<p style=\"text-align: center;\"><img loading=\"lazy\" decoding=\"async\" class=\"aligncenter size-full wp-image-4842\" style=\"border: 0px;\" title=\"Presshaus 27\" src=\"https:\/\/bernhard-fiedler.at\/weblog\/wp-content\/uploads\/2012\/06\/Presshaus-27-bearbeitet.jpg\" alt=\"Presshaus 27\" width=\"508\" height=\"381\" srcset=\"https:\/\/bernhard-fiedler.at\/weblog\/wp-content\/uploads\/2012\/06\/Presshaus-27-bearbeitet.jpg 508w, https:\/\/bernhard-fiedler.at\/weblog\/wp-content\/uploads\/2012\/06\/Presshaus-27-bearbeitet-300x224.jpg 300w\" sizes=\"auto, (max-width: 508px) 100vw, 508px\" \/><\/p>\n<p>Auch wenn es sich nat\u00fcrlich um einen Zweckbau und kein Wohnzimmer handelt, sollten die R\u00e4umlichkeiten im Sinne eines positiven Arbeitsklimas eine gewisse Atmosph\u00e4re haben.<\/p>\n<p style=\"text-align: center;\"><img loading=\"lazy\" decoding=\"async\" class=\"aligncenter size-full wp-image-4840\" style=\"border: 0px;\" title=\"Presshaus 28\" src=\"https:\/\/bernhard-fiedler.at\/weblog\/wp-content\/uploads\/2012\/06\/Presshaus-28-bearbeitet.jpg\" alt=\"Presshaus 28\" width=\"508\" height=\"381\" srcset=\"https:\/\/bernhard-fiedler.at\/weblog\/wp-content\/uploads\/2012\/06\/Presshaus-28-bearbeitet.jpg 508w, https:\/\/bernhard-fiedler.at\/weblog\/wp-content\/uploads\/2012\/06\/Presshaus-28-bearbeitet-300x224.jpg 300w\" sizes=\"auto, (max-width: 508px) 100vw, 508px\" \/><\/p>\n<p>Mit ihrer exakten und sauberen Arbeitsweise haben die Zimmerer das ihre dazu beigetragen.<\/p>\n","protected":false},"excerpt":{"rendered":"<p>Mittlerweile ist auch schon der Dachstuhl unseres neuen Presshauses fertig und mit ihm hat das Geb\u00e4ude deutlich an Flair gewonnen.<\/p>\n","protected":false},"author":2,"featured_media":0,"comment_status":"open","ping_status":"open","sticky":false,"template":"","format":"standard","meta":{"footnotes":""},"categories":[30],"tags":[],"class_list":["post-4839","post","type-post","status-publish","format-standard","hentry","category-ein-neues-presshaus"],"_links":{"self":[{"href":"https:\/\/bernhard-fiedler.at\/weblog\/index.php?rest_route=\/wp\/v2\/posts\/4839","targetHints":{"allow":["GET"]}}],"collection":[{"href":"https:\/\/bernhard-fiedler.at\/weblog\/index.php?rest_route=\/wp\/v2\/posts"}],"about":[{"href":"https:\/\/bernhard-fiedler.at\/weblog\/index.php?rest_route=\/wp\/v2\/types\/post"}],"author":[{"embeddable":true,"href":"https:\/\/bernhard-fiedler.at\/weblog\/index.php?rest_route=\/wp\/v2\/users\/2"}],"replies":[{"embeddable":true,"href":"https:\/\/bernhard-fiedler.at\/weblog\/index.php?rest_route=%2Fwp%2Fv2%2Fcomments&post=4839"}],"version-history":[{"count":3,"href":"https:\/\/bernhard-fiedler.at\/weblog\/index.php?rest_route=\/wp\/v2\/posts\/4839\/revisions"}],"predecessor-version":[{"id":4845,"href":"https:\/\/bernhard-fiedler.at\/weblog\/index.php?rest_route=\/wp\/v2\/posts\/4839\/revisions\/4845"}],"wp:attachment":[{"href":"https:\/\/bernhard-fiedler.at\/weblog\/index.php?rest_route=%2Fwp%2Fv2%2Fmedia&parent=4839"}],"wp:term":[{"taxonomy":"category","embeddable":true,"href":"https:\/\/bernhard-fiedler.at\/weblog\/index.php?rest_route=%2Fwp%2Fv2%2Fcategories&post=4839"},{"taxonomy":"post_tag","embeddable":true,"href":"https:\/\/bernhard-fiedler.at\/weblog\/index.php?rest_route=%2Fwp%2Fv2%2Ftags&post=4839"}],"curies":[{"name":"wp","href":"https:\/\/api.w.org\/{rel}","templated":true}]}}