{"id":4832,"date":"2012-05-31T13:18:16","date_gmt":"2012-05-31T12:18:16","guid":{"rendered":"http:\/\/www.bernhard-fiedler.at\/weblog\/?p=4832"},"modified":"2012-05-31T13:21:29","modified_gmt":"2012-05-31T12:21:29","slug":"es-ist-sehr-sehr-sehr-trocken","status":"publish","type":"post","link":"https:\/\/bernhard-fiedler.at\/weblog\/?p=4832","title":{"rendered":"Es ist sehr, sehr, sehr trocken"},"content":{"rendered":"<p style=\"text-align: center;\"><img loading=\"lazy\" decoding=\"async\" class=\"aligncenter size-full wp-image-4833\" style=\"border: 0px;\" title=\"Naturbegr\u00fcnung\" src=\"https:\/\/bernhard-fiedler.at\/weblog\/wp-content\/uploads\/2012\/05\/Naturbegr\u00fcnung4-komprimert.jpg\" alt=\"Naturbegr\u00fcnung\" width=\"508\" height=\"381\" srcset=\"https:\/\/bernhard-fiedler.at\/weblog\/wp-content\/uploads\/2012\/05\/Naturbegr\u00fcnung4-komprimert.jpg 508w, https:\/\/bernhard-fiedler.at\/weblog\/wp-content\/uploads\/2012\/05\/Naturbegr\u00fcnung4-komprimert-300x224.jpg 300w\" sizes=\"auto, (max-width: 508px) 100vw, 508px\" \/><\/p>\n<p>Obwohl wir Mitte April ein wenig Regen, und Anfang Mai ein ergiebiges Gewitter hatten, ist der Jahrgang 2012 bisher von au\u00dfergew\u00f6hnlicher Trockenheit gepr\u00e4gt. Da wir schon seit Anfang August 2011 deutlich weniger Feuchtigkeit abgekommen haben, als \u00fcblich, zeigen kleinere und mittlere Regenschauer n\u00e4mlich kaum noch eine Wirkung auf den ausgetrockneten Boden und die Pflanzen.<\/p>\n<p>Von echten Sch\u00e4den kann man im Weinbau (im Unterschied zum Ackerbau) zwar noch nicht sprechen, aber man merkt den Reben die Situation doch langsam an. Die Triebe sind k\u00fcrzer als \u00fcblich, die Bl\u00e4tter etwas kleiner und in manchen Weing\u00e4rten auch deutlich heller, was auf eine trockenheitsbedingt schlechtere N\u00e4hrstoffversorgung schlie\u00dfen l\u00e4\u00dft.<\/p>\n<p>Wenn es nicht regnet, hilft auch das st\u00e4rkere Umbrechen der Begr\u00fcnung wenig, zu dem wir uns heuer schon vor ein paar Wochen entschlossen haben. Mittlerweile brauchen wir nicht einfach nur einen kleinen Schauer, sondern eine mehrt\u00e4gige Regenperiode. Selbst die w\u00fcrde allerdings auch nur f\u00fcr drei, vier Wochen reichen&#8230;<\/p>\n","protected":false},"excerpt":{"rendered":"<p>Obwohl wir Mitte April ein wenig Regen, und Anfang Mai ein ergiebiges Gewitter hatten, ist der Jahrgang 2012 bisher von au\u00dfergew\u00f6hnlicher Trockenheit gepr\u00e4gt. Da wir schon seit Anfang August 2011 deutlich weniger Feuchtigkeit abgekommen haben, als \u00fcblich, zeigen kleinere und mittlere Regenschauer n\u00e4mlich kaum noch eine Wirkung auf den ausgetrockneten Boden und die Pflanzen. Von &#8230; <a title=\"Es ist sehr, sehr, sehr trocken\" class=\"read-more\" href=\"https:\/\/bernhard-fiedler.at\/weblog\/?p=4832\" aria-label=\"Mehr Informationen \u00fcber Es ist sehr, sehr, sehr trocken\">Weiterlesen<\/a><\/p>\n","protected":false},"author":2,"featured_media":0,"comment_status":"open","ping_status":"open","sticky":false,"template":"","format":"standard","meta":{"footnotes":""},"categories":[8],"tags":[],"class_list":["post-4832","post","type-post","status-publish","format-standard","hentry","category-das-wetter"],"_links":{"self":[{"href":"https:\/\/bernhard-fiedler.at\/weblog\/index.php?rest_route=\/wp\/v2\/posts\/4832","targetHints":{"allow":["GET"]}}],"collection":[{"href":"https:\/\/bernhard-fiedler.at\/weblog\/index.php?rest_route=\/wp\/v2\/posts"}],"about":[{"href":"https:\/\/bernhard-fiedler.at\/weblog\/index.php?rest_route=\/wp\/v2\/types\/post"}],"author":[{"embeddable":true,"href":"https:\/\/bernhard-fiedler.at\/weblog\/index.php?rest_route=\/wp\/v2\/users\/2"}],"replies":[{"embeddable":true,"href":"https:\/\/bernhard-fiedler.at\/weblog\/index.php?rest_route=%2Fwp%2Fv2%2Fcomments&post=4832"}],"version-history":[{"count":5,"href":"https:\/\/bernhard-fiedler.at\/weblog\/index.php?rest_route=\/wp\/v2\/posts\/4832\/revisions"}],"predecessor-version":[{"id":4837,"href":"https:\/\/bernhard-fiedler.at\/weblog\/index.php?rest_route=\/wp\/v2\/posts\/4832\/revisions\/4837"}],"wp:attachment":[{"href":"https:\/\/bernhard-fiedler.at\/weblog\/index.php?rest_route=%2Fwp%2Fv2%2Fmedia&parent=4832"}],"wp:term":[{"taxonomy":"category","embeddable":true,"href":"https:\/\/bernhard-fiedler.at\/weblog\/index.php?rest_route=%2Fwp%2Fv2%2Fcategories&post=4832"},{"taxonomy":"post_tag","embeddable":true,"href":"https:\/\/bernhard-fiedler.at\/weblog\/index.php?rest_route=%2Fwp%2Fv2%2Ftags&post=4832"}],"curies":[{"name":"wp","href":"https:\/\/api.w.org\/{rel}","templated":true}]}}