{"id":4774,"date":"2012-05-01T20:57:25","date_gmt":"2012-05-01T19:57:25","guid":{"rendered":"http:\/\/www.bernhard-fiedler.at\/weblog\/?p=4774"},"modified":"2012-05-01T20:58:41","modified_gmt":"2012-05-01T19:58:41","slug":"deckel-drauf-loch-zu","status":"publish","type":"post","link":"https:\/\/bernhard-fiedler.at\/weblog\/?p=4774","title":{"rendered":"Deckel drauf, Loch zu"},"content":{"rendered":"<p style=\"TEXT-ALIGN: center\"><img loading=\"lazy\" decoding=\"async\" class=\"aligncenter size-full wp-image-4770\" style=\"border: 0px;\" title=\"Presshaus 14\" src=\"https:\/\/bernhard-fiedler.at\/weblog\/wp-content\/uploads\/2012\/05\/Presshaus-14-bearbeitet.jpg\" alt=\"Presshaus 14\" width=\"508\" height=\"381\" srcset=\"https:\/\/bernhard-fiedler.at\/weblog\/wp-content\/uploads\/2012\/05\/Presshaus-14-bearbeitet.jpg 508w, https:\/\/bernhard-fiedler.at\/weblog\/wp-content\/uploads\/2012\/05\/Presshaus-14-bearbeitet-300x224.jpg 300w\" sizes=\"auto, (max-width: 508px) 100vw, 508px\" \/><\/p>\n<p>Zwei Tage, nachdem auch die Kellerinnenwand betoniert war, wurden die Deckenelemente auf unseren neuen Keller verlegt.<\/p>\n<p><!--more--><\/p>\n<p style=\"TEXT-ALIGN: center\"><img loading=\"lazy\" decoding=\"async\" class=\"aligncenter size-full wp-image-4771\" style=\"border: 0px;\" title=\"Presshaus 15\" src=\"https:\/\/bernhard-fiedler.at\/weblog\/wp-content\/uploads\/2012\/05\/Presshaus-15-bearbeitet.jpg\" alt=\"Presshaus 15\" width=\"508\" height=\"381\" srcset=\"https:\/\/bernhard-fiedler.at\/weblog\/wp-content\/uploads\/2012\/05\/Presshaus-15-bearbeitet.jpg 508w, https:\/\/bernhard-fiedler.at\/weblog\/wp-content\/uploads\/2012\/05\/Presshaus-15-bearbeitet-300x224.jpg 300w\" sizes=\"auto, (max-width: 508px) 100vw, 508px\" \/><\/p>\n<p>Weil es sich dabei nicht um eine Fertigdecke handelt und vor Ort noch jede Menge Beton darauf kommt, wurden die Teile entsprechend abgest\u00fctzt, bevor sie der Kran verlegt hat.<\/p>\n<p style=\"TEXT-ALIGN: center\"><img loading=\"lazy\" decoding=\"async\" class=\"aligncenter size-full wp-image-4772\" style=\"border: 0px;\" title=\"Presshaus 16\" src=\"https:\/\/bernhard-fiedler.at\/weblog\/wp-content\/uploads\/2012\/05\/Presshaus-16-bearbeitet.jpg\" alt=\"Presshaus 16\" width=\"508\" height=\"381\" srcset=\"https:\/\/bernhard-fiedler.at\/weblog\/wp-content\/uploads\/2012\/05\/Presshaus-16-bearbeitet.jpg 508w, https:\/\/bernhard-fiedler.at\/weblog\/wp-content\/uploads\/2012\/05\/Presshaus-16-bearbeitet-300x224.jpg 300w\" sizes=\"auto, (max-width: 508px) 100vw, 508px\" \/><\/p>\n<p>Die restliche Baugrube wurde wieder aufgef\u00fcllt, sodass man beim Inspizieren der Baustelle mittlerweile nicht mehr ganz so leicht irgendwo runterfallen kann.<\/p>\n<p style=\"TEXT-ALIGN: center\"><img loading=\"lazy\" decoding=\"async\" class=\"aligncenter size-full wp-image-4773\" style=\"border: 0px;\" title=\"Presshaus 17\" src=\"https:\/\/bernhard-fiedler.at\/weblog\/wp-content\/uploads\/2012\/05\/Presshaus-17-bearbeitet.jpg\" alt=\"Presshaus 17\" width=\"508\" height=\"381\" srcset=\"https:\/\/bernhard-fiedler.at\/weblog\/wp-content\/uploads\/2012\/05\/Presshaus-17-bearbeitet.jpg 508w, https:\/\/bernhard-fiedler.at\/weblog\/wp-content\/uploads\/2012\/05\/Presshaus-17-bearbeitet-300x224.jpg 300w\" sizes=\"auto, (max-width: 508px) 100vw, 508px\" \/><\/p>\n<p>Durch diese beiden Rohre soll schon in diesem Herbst der Most von der Presse per Schwerkraftprinzip an die richtige Stelle im Keller laufen. Um sie m\u00f6glichst kurz zu halten, verlaufen sie diagonal und sind zum allergr\u00f6\u00dfen Teil im Beton der Deckenkonstruktion versteckt.<\/p>\n<p style=\"TEXT-ALIGN: center\"><img loading=\"lazy\" decoding=\"async\" class=\"aligncenter size-full wp-image-4769\" style=\"border: 0px;\" title=\"Presshaus 18\" src=\"https:\/\/bernhard-fiedler.at\/weblog\/wp-content\/uploads\/2012\/05\/Presshaus-18-bearbeitet.jpg\" alt=\"Presshaus 18\" width=\"508\" height=\"381\" srcset=\"https:\/\/bernhard-fiedler.at\/weblog\/wp-content\/uploads\/2012\/05\/Presshaus-18-bearbeitet.jpg 508w, https:\/\/bernhard-fiedler.at\/weblog\/wp-content\/uploads\/2012\/05\/Presshaus-18-bearbeitet-300x224.jpg 300w\" sizes=\"auto, (max-width: 508px) 100vw, 508px\" \/><\/p>\n<p>Auch f\u00fcr das Regen- und die Abw\u00e4sser wurden die entsprechenden Rohre bereits verlegt. Morgen wird voraussichtlich der Elektriker jenen Teil\u00a0seiner\u00a0Kan\u00e4le\u00a0positonieren, die unter oder durch den Deckenbeton verlaufen.<\/p>\n","protected":false},"excerpt":{"rendered":"<p>Zwei Tage, nachdem auch die Kellerinnenwand betoniert war, wurden die Deckenelemente auf unseren neuen Keller verlegt.<\/p>\n","protected":false},"author":2,"featured_media":0,"comment_status":"open","ping_status":"open","sticky":false,"template":"","format":"standard","meta":{"footnotes":""},"categories":[30],"tags":[],"class_list":["post-4774","post","type-post","status-publish","format-standard","hentry","category-ein-neues-presshaus"],"_links":{"self":[{"href":"https:\/\/bernhard-fiedler.at\/weblog\/index.php?rest_route=\/wp\/v2\/posts\/4774","targetHints":{"allow":["GET"]}}],"collection":[{"href":"https:\/\/bernhard-fiedler.at\/weblog\/index.php?rest_route=\/wp\/v2\/posts"}],"about":[{"href":"https:\/\/bernhard-fiedler.at\/weblog\/index.php?rest_route=\/wp\/v2\/types\/post"}],"author":[{"embeddable":true,"href":"https:\/\/bernhard-fiedler.at\/weblog\/index.php?rest_route=\/wp\/v2\/users\/2"}],"replies":[{"embeddable":true,"href":"https:\/\/bernhard-fiedler.at\/weblog\/index.php?rest_route=%2Fwp%2Fv2%2Fcomments&post=4774"}],"version-history":[{"count":5,"href":"https:\/\/bernhard-fiedler.at\/weblog\/index.php?rest_route=\/wp\/v2\/posts\/4774\/revisions"}],"predecessor-version":[{"id":4778,"href":"https:\/\/bernhard-fiedler.at\/weblog\/index.php?rest_route=\/wp\/v2\/posts\/4774\/revisions\/4778"}],"wp:attachment":[{"href":"https:\/\/bernhard-fiedler.at\/weblog\/index.php?rest_route=%2Fwp%2Fv2%2Fmedia&parent=4774"}],"wp:term":[{"taxonomy":"category","embeddable":true,"href":"https:\/\/bernhard-fiedler.at\/weblog\/index.php?rest_route=%2Fwp%2Fv2%2Fcategories&post=4774"},{"taxonomy":"post_tag","embeddable":true,"href":"https:\/\/bernhard-fiedler.at\/weblog\/index.php?rest_route=%2Fwp%2Fv2%2Ftags&post=4774"}],"curies":[{"name":"wp","href":"https:\/\/api.w.org\/{rel}","templated":true}]}}