{"id":4735,"date":"2012-04-10T21:39:04","date_gmt":"2012-04-10T20:39:04","guid":{"rendered":"http:\/\/www.bernhard-fiedler.at\/weblog\/?p=4735"},"modified":"2012-04-10T21:39:04","modified_gmt":"2012-04-10T20:39:04","slug":"das-fundament","status":"publish","type":"post","link":"https:\/\/bernhard-fiedler.at\/weblog\/?p=4735","title":{"rendered":"Das Fundament"},"content":{"rendered":"<p style=\"text-align: center;\"><img loading=\"lazy\" decoding=\"async\" class=\"aligncenter size-full wp-image-4734\" style=\"border: 0px;\" title=\"Presshaus 5\" src=\"https:\/\/bernhard-fiedler.at\/weblog\/wp-content\/uploads\/2012\/04\/Presshaus-5-bearbeitet.jpg\" alt=\"Presshaus 5\" width=\"508\" height=\"381\" srcset=\"https:\/\/bernhard-fiedler.at\/weblog\/wp-content\/uploads\/2012\/04\/Presshaus-5-bearbeitet.jpg 508w, https:\/\/bernhard-fiedler.at\/weblog\/wp-content\/uploads\/2012\/04\/Presshaus-5-bearbeitet-300x224.jpg 300w\" sizes=\"auto, (max-width: 508px) 100vw, 508px\" \/><\/p>\n<p>Nach dem Erdhaushub wurde mittlerweile die Fundamentplatte des Kellers unter unserem neuen Presshaus fertiggestellt. Neben jeder Menge Eisen verlaufen darin auch die Abwasserrohre f\u00fcr das Kellergescho\u00df, deren Niveau uns w\u00e4hrend der Planungsphase einiges Kopfzerbrechen bereitet hat.<\/p>\n<p><!--more--><\/p>\n<p style=\"text-align: center;\"><img loading=\"lazy\" decoding=\"async\" class=\"aligncenter size-full wp-image-4736\" style=\"border: 0px;\" title=\"Presshaus 6\" src=\"https:\/\/bernhard-fiedler.at\/weblog\/wp-content\/uploads\/2012\/04\/Presshaus-6-bearbeitet.jpg\" alt=\"Presshaus 6\" width=\"508\" height=\"359\" srcset=\"https:\/\/bernhard-fiedler.at\/weblog\/wp-content\/uploads\/2012\/04\/Presshaus-6-bearbeitet.jpg 508w, https:\/\/bernhard-fiedler.at\/weblog\/wp-content\/uploads\/2012\/04\/Presshaus-6-bearbeitet-300x212.jpg 300w\" sizes=\"auto, (max-width: 508px) 100vw, 508px\" \/><\/p>\n<p>Mit ein paar Tricks gelang es uns aber schlie\u00dflich doch, dass der Fu\u00dfboden des neuen Kellers eine Ebene mit dem alten bildet und trotzdem die Kanalrohre des neuen\u00a0mit dem notwendigen Gef\u00e4lle an die des alten angeschlossen werden\u00a0konnten.<\/p>\n<p style=\"text-align: center;\"><img loading=\"lazy\" decoding=\"async\" class=\"aligncenter size-full wp-image-4737\" style=\"border: 0px;\" title=\"Presshaus 7\" src=\"https:\/\/bernhard-fiedler.at\/weblog\/wp-content\/uploads\/2012\/04\/Presshaus-7-bearbeitet.jpg\" alt=\"Presshaus 7\" width=\"508\" height=\"381\" srcset=\"https:\/\/bernhard-fiedler.at\/weblog\/wp-content\/uploads\/2012\/04\/Presshaus-7-bearbeitet.jpg 508w, https:\/\/bernhard-fiedler.at\/weblog\/wp-content\/uploads\/2012\/04\/Presshaus-7-bearbeitet-300x224.jpg 300w\" sizes=\"auto, (max-width: 508px) 100vw, 508px\" \/><\/p>\n<p>Wenn die Vorarbeiten sorgf\u00e4ltig erledigt werden, ist das Betonieren heutzutage mit der entsprechenden technischen Ausstattung keine gro\u00dfe Sache mehr.<\/p>\n<p style=\"text-align: center;\"><img loading=\"lazy\" decoding=\"async\" class=\"aligncenter size-full wp-image-4739\" style=\"border: 0px;\" title=\"Presshaus 8\" src=\"https:\/\/bernhard-fiedler.at\/weblog\/wp-content\/uploads\/2012\/04\/Presshaus-8-bearbeitet.jpg\" alt=\"Presshaus 8\" width=\"508\" height=\"381\" srcset=\"https:\/\/bernhard-fiedler.at\/weblog\/wp-content\/uploads\/2012\/04\/Presshaus-8-bearbeitet.jpg 508w, https:\/\/bernhard-fiedler.at\/weblog\/wp-content\/uploads\/2012\/04\/Presshaus-8-bearbeitet-300x224.jpg 300w\" sizes=\"auto, (max-width: 508px) 100vw, 508px\" \/><\/p>\n<p>Schon am n\u00e4chsten Tag wurden die Schalungen entfernt und das Material f\u00fcr die Kellerw\u00e4nde auf der Fundamentplatte deponiert.<\/p>\n<p style=\"text-align: center;\"><img loading=\"lazy\" decoding=\"async\" class=\"aligncenter size-full wp-image-4740\" style=\"border: 0px;\" title=\"Presshaus 9\" src=\"https:\/\/bernhard-fiedler.at\/weblog\/wp-content\/uploads\/2012\/04\/Presshaus-9-bearbeitet.jpg\" alt=\"Presshaus 9\" width=\"508\" height=\"381\" srcset=\"https:\/\/bernhard-fiedler.at\/weblog\/wp-content\/uploads\/2012\/04\/Presshaus-9-bearbeitet.jpg 508w, https:\/\/bernhard-fiedler.at\/weblog\/wp-content\/uploads\/2012\/04\/Presshaus-9-bearbeitet-300x224.jpg 300w\" sizes=\"auto, (max-width: 508px) 100vw, 508px\" \/><\/p>\n<p>Mittlerweile wird bereits intensiv an den Au\u00dfenw\u00e4nden des Kellers gearbeitet.<\/p>\n","protected":false},"excerpt":{"rendered":"<p>Nach dem Erdhaushub wurde mittlerweile die Fundamentplatte des Kellers unter unserem neuen Presshaus fertiggestellt. Neben jeder Menge Eisen verlaufen darin auch die Abwasserrohre f\u00fcr das Kellergescho\u00df, deren Niveau uns w\u00e4hrend der Planungsphase einiges Kopfzerbrechen bereitet hat.<\/p>\n","protected":false},"author":2,"featured_media":0,"comment_status":"open","ping_status":"open","sticky":false,"template":"","format":"standard","meta":{"footnotes":""},"categories":[30],"tags":[],"class_list":["post-4735","post","type-post","status-publish","format-standard","hentry","category-ein-neues-presshaus"],"_links":{"self":[{"href":"https:\/\/bernhard-fiedler.at\/weblog\/index.php?rest_route=\/wp\/v2\/posts\/4735","targetHints":{"allow":["GET"]}}],"collection":[{"href":"https:\/\/bernhard-fiedler.at\/weblog\/index.php?rest_route=\/wp\/v2\/posts"}],"about":[{"href":"https:\/\/bernhard-fiedler.at\/weblog\/index.php?rest_route=\/wp\/v2\/types\/post"}],"author":[{"embeddable":true,"href":"https:\/\/bernhard-fiedler.at\/weblog\/index.php?rest_route=\/wp\/v2\/users\/2"}],"replies":[{"embeddable":true,"href":"https:\/\/bernhard-fiedler.at\/weblog\/index.php?rest_route=%2Fwp%2Fv2%2Fcomments&post=4735"}],"version-history":[{"count":5,"href":"https:\/\/bernhard-fiedler.at\/weblog\/index.php?rest_route=\/wp\/v2\/posts\/4735\/revisions"}],"predecessor-version":[{"id":4744,"href":"https:\/\/bernhard-fiedler.at\/weblog\/index.php?rest_route=\/wp\/v2\/posts\/4735\/revisions\/4744"}],"wp:attachment":[{"href":"https:\/\/bernhard-fiedler.at\/weblog\/index.php?rest_route=%2Fwp%2Fv2%2Fmedia&parent=4735"}],"wp:term":[{"taxonomy":"category","embeddable":true,"href":"https:\/\/bernhard-fiedler.at\/weblog\/index.php?rest_route=%2Fwp%2Fv2%2Fcategories&post=4735"},{"taxonomy":"post_tag","embeddable":true,"href":"https:\/\/bernhard-fiedler.at\/weblog\/index.php?rest_route=%2Fwp%2Fv2%2Ftags&post=4735"}],"curies":[{"name":"wp","href":"https:\/\/api.w.org\/{rel}","templated":true}]}}