{"id":47,"date":"2006-08-29T23:05:46","date_gmt":"2006-08-29T21:05:46","guid":{"rendered":"http:\/\/bernhard-fiedler.at\/weblog\/?p=47"},"modified":"2006-08-29T23:09:52","modified_gmt":"2006-08-29T21:09:52","slug":"mittelburgenland-dac","status":"publish","type":"post","link":"https:\/\/bernhard-fiedler.at\/weblog\/?p=47","title":{"rendered":"Mittelburgenland DAC"},"content":{"rendered":"<p>Nach langen Diskussionen ist es nun offensichtlich soweit: Das Mittelburgenland setzt auf die DAC-Karte und bringt mit Mittelburgenland Classic DAC und Mittelburgenland Reserve DAC zwei Blaufr\u00e4nkisch-Linien auf den Markt, die prim\u00e4r \u00fcber die Herkunft vermarktet werden sollen.<\/p>\n<p>Mal sehen, ob den Kollegen aus der Mitte die\u00a0Umsetzung besser gelingt, als den Weinviertlern. Mit den dortigen DAC-Strategien habe ich so meine Verst\u00e4ndnisschwierigkeiten, auch wenn ich viele Weine und die Winzer dahinter sehr sch\u00e4tze.<\/p>\n<p>Eine erste Gelegenheit zu \u00dcberpr\u00fcfung gibt es (f\u00fcr alle, die im Gegensatz zu mir Zeit haben)\u00a0am 11. September im Grand Hotel in Wien. Dort werden die neuen Weine erstmals pr\u00e4sentiert. Informationen dazu gibt es <a href=\"http:\/\/www.weinburgenland.at\/aktuelles.htm\" target=\"_blank\">hier<\/a>.<\/p>\n","protected":false},"excerpt":{"rendered":"<p>Nach langen Diskussionen ist es nun offensichtlich soweit: Das Mittelburgenland setzt auf die DAC-Karte und bringt mit Mittelburgenland Classic DAC und Mittelburgenland Reserve DAC zwei Blaufr\u00e4nkisch-Linien auf den Markt, die prim\u00e4r \u00fcber die Herkunft vermarktet werden sollen. Mal sehen, ob den Kollegen aus der Mitte die\u00a0Umsetzung besser gelingt, als den Weinviertlern. Mit den dortigen DAC-Strategien &#8230; <a title=\"Mittelburgenland DAC\" class=\"read-more\" href=\"https:\/\/bernhard-fiedler.at\/weblog\/?p=47\" aria-label=\"Mehr Informationen \u00fcber Mittelburgenland DAC\">Weiterlesen<\/a><\/p>\n","protected":false},"author":2,"featured_media":0,"comment_status":"open","ping_status":"open","sticky":false,"template":"","format":"standard","meta":{"footnotes":""},"categories":[5],"tags":[],"class_list":["post-47","post","type-post","status-publish","format-standard","hentry","category-in-den-weinmedien"],"_links":{"self":[{"href":"https:\/\/bernhard-fiedler.at\/weblog\/index.php?rest_route=\/wp\/v2\/posts\/47","targetHints":{"allow":["GET"]}}],"collection":[{"href":"https:\/\/bernhard-fiedler.at\/weblog\/index.php?rest_route=\/wp\/v2\/posts"}],"about":[{"href":"https:\/\/bernhard-fiedler.at\/weblog\/index.php?rest_route=\/wp\/v2\/types\/post"}],"author":[{"embeddable":true,"href":"https:\/\/bernhard-fiedler.at\/weblog\/index.php?rest_route=\/wp\/v2\/users\/2"}],"replies":[{"embeddable":true,"href":"https:\/\/bernhard-fiedler.at\/weblog\/index.php?rest_route=%2Fwp%2Fv2%2Fcomments&post=47"}],"version-history":[{"count":0,"href":"https:\/\/bernhard-fiedler.at\/weblog\/index.php?rest_route=\/wp\/v2\/posts\/47\/revisions"}],"wp:attachment":[{"href":"https:\/\/bernhard-fiedler.at\/weblog\/index.php?rest_route=%2Fwp%2Fv2%2Fmedia&parent=47"}],"wp:term":[{"taxonomy":"category","embeddable":true,"href":"https:\/\/bernhard-fiedler.at\/weblog\/index.php?rest_route=%2Fwp%2Fv2%2Fcategories&post=47"},{"taxonomy":"post_tag","embeddable":true,"href":"https:\/\/bernhard-fiedler.at\/weblog\/index.php?rest_route=%2Fwp%2Fv2%2Ftags&post=47"}],"curies":[{"name":"wp","href":"https:\/\/api.w.org\/{rel}","templated":true}]}}